{"id":8503,"date":"2026-04-17T09:14:13","date_gmt":"2026-04-17T09:14:13","guid":{"rendered":"https:\/\/www.colefillesbalears.com\/web\/?p=8503"},"modified":"2026-04-17T10:30:32","modified_gmt":"2026-04-17T10:30:32","slug":"les-illes-balears-celebren-el-dia-de-leducacio-fisica-al-carrer-amb-prop-de-8-000-alumnes-participants","status":"publish","type":"post","link":"https:\/\/www.colefillesbalears.com\/web\/2026\/04\/17\/les-illes-balears-celebren-el-dia-de-leducacio-fisica-al-carrer-amb-prop-de-8-000-alumnes-participants\/","title":{"rendered":"Les Illes Balears celebren el Dia de l\u2019Educaci\u00f3 F\u00edsica al Carrer amb prop de 8.000 alumnes participants"},"content":{"rendered":"\n<h2 class=\"wp-block-heading\">El passat dijous 16 d\u2019abril de 2026 es va celebrar a les Illes Balears el 16\u00e8 Dia de l\u2019Educaci\u00f3 F\u00edsica al Carrer, una iniciativa consolidada a nivell estatal que enguany ha tornat a posar en valor el paper de<br>l\u2019exercici f\u00edsic dins l\u2019\u00e0mbit educatiu.<\/h2>\n\n\n\n<figure class=\"wp-block-gallery has-nested-images columns-default is-cropped wp-block-gallery-1 is-layout-flex\">\n<figure class=\"wp-block-image size-large\"><a href=\"https:\/\/www.colefillesbalears.com\/web\/wp-content\/uploads\/2026\/04\/WhatsApp-Image-2026-04-16-at-11.03.20-1.jpeg\"><img decoding=\"async\" loading=\"lazy\" width=\"1024\" height=\"1024\" data-id=\"8506\"  src=\"https:\/\/www.colefillesbalears.com\/web\/wp-content\/uploads\/2026\/04\/WhatsApp-Image-2026-04-16-at-11.03.20-1-1024x1024.jpeg\" alt=\"\" class=\"wp-image-8506\" srcset=\"https:\/\/www.colefillesbalears.com\/web\/wp-content\/uploads\/2026\/04\/WhatsApp-Image-2026-04-16-at-11.03.20-1-1024x1024.jpeg 1024w, https:\/\/www.colefillesbalears.com\/web\/wp-content\/uploads\/2026\/04\/WhatsApp-Image-2026-04-16-at-11.03.20-1-300x300.jpeg 300w, https:\/\/www.colefillesbalears.com\/web\/wp-content\/uploads\/2026\/04\/WhatsApp-Image-2026-04-16-at-11.03.20-1-150x150.jpeg 150w, https:\/\/www.colefillesbalears.com\/web\/wp-content\/uploads\/2026\/04\/WhatsApp-Image-2026-04-16-at-11.03.20-1-1536x1536.jpeg 1536w, https:\/\/www.colefillesbalears.com\/web\/wp-content\/uploads\/2026\/04\/WhatsApp-Image-2026-04-16-at-11.03.20-1-2048x2048.jpeg 2048w\" sizes=\"(max-width: 1024px) 100vw, 1024px\" \/><\/a><\/figure>\n\n\n\n<figure class=\"wp-block-image size-large\"><a href=\"https:\/\/www.colefillesbalears.com\/web\/wp-content\/uploads\/2026\/04\/WhatsApp-Image-2026-04-16-at-11.03.20.jpeg\"><img decoding=\"async\" loading=\"lazy\" width=\"1024\" height=\"1024\" data-id=\"8509\"  src=\"https:\/\/www.colefillesbalears.com\/web\/wp-content\/uploads\/2026\/04\/WhatsApp-Image-2026-04-16-at-11.03.20-1024x1024.jpeg\" alt=\"\" class=\"wp-image-8509\" srcset=\"https:\/\/www.colefillesbalears.com\/web\/wp-content\/uploads\/2026\/04\/WhatsApp-Image-2026-04-16-at-11.03.20-1024x1024.jpeg 1024w, https:\/\/www.colefillesbalears.com\/web\/wp-content\/uploads\/2026\/04\/WhatsApp-Image-2026-04-16-at-11.03.20-300x300.jpeg 300w, https:\/\/www.colefillesbalears.com\/web\/wp-content\/uploads\/2026\/04\/WhatsApp-Image-2026-04-16-at-11.03.20-150x150.jpeg 150w, https:\/\/www.colefillesbalears.com\/web\/wp-content\/uploads\/2026\/04\/WhatsApp-Image-2026-04-16-at-11.03.20-1536x1536.jpeg 1536w, https:\/\/www.colefillesbalears.com\/web\/wp-content\/uploads\/2026\/04\/WhatsApp-Image-2026-04-16-at-11.03.20-2048x2048.jpeg 2048w\" sizes=\"(max-width: 1024px) 100vw, 1024px\" \/><\/a><\/figure>\n\n\n\n<figure class=\"wp-block-image size-large\"><a href=\"https:\/\/www.colefillesbalears.com\/web\/wp-content\/uploads\/2026\/04\/WhatsApp-Image-2026-04-16-at-11.03.19.jpeg\"><img decoding=\"async\" loading=\"lazy\" width=\"1024\" height=\"1024\" data-id=\"8511\"  src=\"https:\/\/www.colefillesbalears.com\/web\/wp-content\/uploads\/2026\/04\/WhatsApp-Image-2026-04-16-at-11.03.19-1024x1024.jpeg\" alt=\"\" class=\"wp-image-8511\" srcset=\"https:\/\/www.colefillesbalears.com\/web\/wp-content\/uploads\/2026\/04\/WhatsApp-Image-2026-04-16-at-11.03.19-1024x1024.jpeg 1024w, https:\/\/www.colefillesbalears.com\/web\/wp-content\/uploads\/2026\/04\/WhatsApp-Image-2026-04-16-at-11.03.19-300x300.jpeg 300w, https:\/\/www.colefillesbalears.com\/web\/wp-content\/uploads\/2026\/04\/WhatsApp-Image-2026-04-16-at-11.03.19-150x150.jpeg 150w, https:\/\/www.colefillesbalears.com\/web\/wp-content\/uploads\/2026\/04\/WhatsApp-Image-2026-04-16-at-11.03.19-1536x1536.jpeg 1536w, https:\/\/www.colefillesbalears.com\/web\/wp-content\/uploads\/2026\/04\/WhatsApp-Image-2026-04-16-at-11.03.19-2048x2048.jpeg 2048w\" sizes=\"(max-width: 1024px) 100vw, 1024px\" \/><\/a><\/figure>\n\n\n\n<figure class=\"wp-block-image size-large\"><a href=\"https:\/\/www.colefillesbalears.com\/web\/wp-content\/uploads\/2026\/04\/WhatsApp-Image-2026-04-16-at-11.17.48-2.jpeg\"><img decoding=\"async\" loading=\"lazy\" width=\"1024\" height=\"1024\" data-id=\"8513\"  src=\"https:\/\/www.colefillesbalears.com\/web\/wp-content\/uploads\/2026\/04\/WhatsApp-Image-2026-04-16-at-11.17.48-2-1024x1024.jpeg\" alt=\"\" class=\"wp-image-8513\" srcset=\"https:\/\/www.colefillesbalears.com\/web\/wp-content\/uploads\/2026\/04\/WhatsApp-Image-2026-04-16-at-11.17.48-2-1024x1024.jpeg 1024w, https:\/\/www.colefillesbalears.com\/web\/wp-content\/uploads\/2026\/04\/WhatsApp-Image-2026-04-16-at-11.17.48-2-300x300.jpeg 300w, https:\/\/www.colefillesbalears.com\/web\/wp-content\/uploads\/2026\/04\/WhatsApp-Image-2026-04-16-at-11.17.48-2-150x150.jpeg 150w, https:\/\/www.colefillesbalears.com\/web\/wp-content\/uploads\/2026\/04\/WhatsApp-Image-2026-04-16-at-11.17.48-2-1536x1536.jpeg 1536w, https:\/\/www.colefillesbalears.com\/web\/wp-content\/uploads\/2026\/04\/WhatsApp-Image-2026-04-16-at-11.17.48-2-2048x2048.jpeg 2048w\" sizes=\"(max-width: 1024px) 100vw, 1024px\" \/><\/a><\/figure>\n\n\n\n<figure class=\"wp-block-image size-large\"><a href=\"https:\/\/www.colefillesbalears.com\/web\/wp-content\/uploads\/2026\/04\/WhatsApp-Image-2026-04-16-at-11.17.48-1.jpeg\"><img decoding=\"async\" loading=\"lazy\" width=\"1024\" height=\"1024\" data-id=\"8514\"  src=\"https:\/\/www.colefillesbalears.com\/web\/wp-content\/uploads\/2026\/04\/WhatsApp-Image-2026-04-16-at-11.17.48-1-1024x1024.jpeg\" alt=\"\" class=\"wp-image-8514\" srcset=\"https:\/\/www.colefillesbalears.com\/web\/wp-content\/uploads\/2026\/04\/WhatsApp-Image-2026-04-16-at-11.17.48-1-1024x1024.jpeg 1024w, https:\/\/www.colefillesbalears.com\/web\/wp-content\/uploads\/2026\/04\/WhatsApp-Image-2026-04-16-at-11.17.48-1-300x300.jpeg 300w, https:\/\/www.colefillesbalears.com\/web\/wp-content\/uploads\/2026\/04\/WhatsApp-Image-2026-04-16-at-11.17.48-1-150x150.jpeg 150w, https:\/\/www.colefillesbalears.com\/web\/wp-content\/uploads\/2026\/04\/WhatsApp-Image-2026-04-16-at-11.17.48-1-1536x1536.jpeg 1536w, https:\/\/www.colefillesbalears.com\/web\/wp-content\/uploads\/2026\/04\/WhatsApp-Image-2026-04-16-at-11.17.48-1-2048x2048.jpeg 2048w\" sizes=\"(max-width: 1024px) 100vw, 1024px\" \/><\/a><\/figure>\n\n\n\n<figure class=\"wp-block-image size-large\"><a href=\"https:\/\/www.colefillesbalears.com\/web\/wp-content\/uploads\/2026\/04\/WhatsApp-Image-2026-04-16-at-11.17.48.jpeg\"><img decoding=\"async\" loading=\"lazy\" width=\"1024\" height=\"1024\" data-id=\"8507\"  src=\"https:\/\/www.colefillesbalears.com\/web\/wp-content\/uploads\/2026\/04\/WhatsApp-Image-2026-04-16-at-11.17.48-1024x1024.jpeg\" alt=\"\" class=\"wp-image-8507\" srcset=\"https:\/\/www.colefillesbalears.com\/web\/wp-content\/uploads\/2026\/04\/WhatsApp-Image-2026-04-16-at-11.17.48-1024x1024.jpeg 1024w, https:\/\/www.colefillesbalears.com\/web\/wp-content\/uploads\/2026\/04\/WhatsApp-Image-2026-04-16-at-11.17.48-300x300.jpeg 300w, https:\/\/www.colefillesbalears.com\/web\/wp-content\/uploads\/2026\/04\/WhatsApp-Image-2026-04-16-at-11.17.48-150x150.jpeg 150w, https:\/\/www.colefillesbalears.com\/web\/wp-content\/uploads\/2026\/04\/WhatsApp-Image-2026-04-16-at-11.17.48-1536x1536.jpeg 1536w, https:\/\/www.colefillesbalears.com\/web\/wp-content\/uploads\/2026\/04\/WhatsApp-Image-2026-04-16-at-11.17.48-2048x2048.jpeg 2048w\" sizes=\"(max-width: 1024px) 100vw, 1024px\" \/><\/a><\/figure>\n\n\n\n<figure class=\"wp-block-image size-large\"><a href=\"https:\/\/www.colefillesbalears.com\/web\/wp-content\/uploads\/2026\/04\/WhatsApp-Image-2026-04-16-at-11.17.47-1.jpeg\"><img decoding=\"async\" loading=\"lazy\" width=\"1024\" height=\"1024\" data-id=\"8508\"  src=\"https:\/\/www.colefillesbalears.com\/web\/wp-content\/uploads\/2026\/04\/WhatsApp-Image-2026-04-16-at-11.17.47-1-1024x1024.jpeg\" alt=\"\" class=\"wp-image-8508\" srcset=\"https:\/\/www.colefillesbalears.com\/web\/wp-content\/uploads\/2026\/04\/WhatsApp-Image-2026-04-16-at-11.17.47-1-1024x1024.jpeg 1024w, https:\/\/www.colefillesbalears.com\/web\/wp-content\/uploads\/2026\/04\/WhatsApp-Image-2026-04-16-at-11.17.47-1-300x300.jpeg 300w, https:\/\/www.colefillesbalears.com\/web\/wp-content\/uploads\/2026\/04\/WhatsApp-Image-2026-04-16-at-11.17.47-1-150x150.jpeg 150w, https:\/\/www.colefillesbalears.com\/web\/wp-content\/uploads\/2026\/04\/WhatsApp-Image-2026-04-16-at-11.17.47-1-1536x1536.jpeg 1536w, https:\/\/www.colefillesbalears.com\/web\/wp-content\/uploads\/2026\/04\/WhatsApp-Image-2026-04-16-at-11.17.47-1-2048x2048.jpeg 2048w\" sizes=\"(max-width: 1024px) 100vw, 1024px\" \/><\/a><\/figure>\n\n\n\n<figure class=\"wp-block-image size-large\"><a href=\"https:\/\/www.colefillesbalears.com\/web\/wp-content\/uploads\/2026\/04\/WhatsApp-Image-2026-04-16-at-11.17.47.jpeg\"><img decoding=\"async\" loading=\"lazy\" width=\"1024\" height=\"1024\" data-id=\"8510\"  src=\"https:\/\/www.colefillesbalears.com\/web\/wp-content\/uploads\/2026\/04\/WhatsApp-Image-2026-04-16-at-11.17.47-1024x1024.jpeg\" alt=\"\" class=\"wp-image-8510\" srcset=\"https:\/\/www.colefillesbalears.com\/web\/wp-content\/uploads\/2026\/04\/WhatsApp-Image-2026-04-16-at-11.17.47-1024x1024.jpeg 1024w, https:\/\/www.colefillesbalears.com\/web\/wp-content\/uploads\/2026\/04\/WhatsApp-Image-2026-04-16-at-11.17.47-300x300.jpeg 300w, https:\/\/www.colefillesbalears.com\/web\/wp-content\/uploads\/2026\/04\/WhatsApp-Image-2026-04-16-at-11.17.47-150x150.jpeg 150w, https:\/\/www.colefillesbalears.com\/web\/wp-content\/uploads\/2026\/04\/WhatsApp-Image-2026-04-16-at-11.17.47-1536x1536.jpeg 1536w, https:\/\/www.colefillesbalears.com\/web\/wp-content\/uploads\/2026\/04\/WhatsApp-Image-2026-04-16-at-11.17.47-2048x2048.jpeg 2048w\" sizes=\"(max-width: 1024px) 100vw, 1024px\" \/><\/a><\/figure>\n\n\n\n<figure class=\"wp-block-image size-large\"><a href=\"https:\/\/www.colefillesbalears.com\/web\/wp-content\/uploads\/2026\/04\/WhatsApp-Image-2026-04-16-at-12.14.27.jpeg\"><img decoding=\"async\" loading=\"lazy\" width=\"1024\" height=\"1024\" data-id=\"8505\"  src=\"https:\/\/www.colefillesbalears.com\/web\/wp-content\/uploads\/2026\/04\/WhatsApp-Image-2026-04-16-at-12.14.27-1024x1024.jpeg\" alt=\"\" class=\"wp-image-8505\" srcset=\"https:\/\/www.colefillesbalears.com\/web\/wp-content\/uploads\/2026\/04\/WhatsApp-Image-2026-04-16-at-12.14.27-1024x1024.jpeg 1024w, https:\/\/www.colefillesbalears.com\/web\/wp-content\/uploads\/2026\/04\/WhatsApp-Image-2026-04-16-at-12.14.27-300x300.jpeg 300w, https:\/\/www.colefillesbalears.com\/web\/wp-content\/uploads\/2026\/04\/WhatsApp-Image-2026-04-16-at-12.14.27-150x150.jpeg 150w, https:\/\/www.colefillesbalears.com\/web\/wp-content\/uploads\/2026\/04\/WhatsApp-Image-2026-04-16-at-12.14.27-1536x1536.jpeg 1536w, https:\/\/www.colefillesbalears.com\/web\/wp-content\/uploads\/2026\/04\/WhatsApp-Image-2026-04-16-at-12.14.27-2048x2048.jpeg 2048w\" sizes=\"(max-width: 1024px) 100vw, 1024px\" \/><\/a><\/figure>\n\n\n\n<figure class=\"wp-block-image size-large\"><a href=\"https:\/\/www.colefillesbalears.com\/web\/wp-content\/uploads\/2026\/04\/WhatsApp-Image-2026-04-16-at-12.11.58-1.jpeg\"><img decoding=\"async\" loading=\"lazy\" width=\"1024\" height=\"1024\" data-id=\"8515\"  src=\"https:\/\/www.colefillesbalears.com\/web\/wp-content\/uploads\/2026\/04\/WhatsApp-Image-2026-04-16-at-12.11.58-1-1024x1024.jpeg\" alt=\"\" class=\"wp-image-8515\" srcset=\"https:\/\/www.colefillesbalears.com\/web\/wp-content\/uploads\/2026\/04\/WhatsApp-Image-2026-04-16-at-12.11.58-1-1024x1024.jpeg 1024w, https:\/\/www.colefillesbalears.com\/web\/wp-content\/uploads\/2026\/04\/WhatsApp-Image-2026-04-16-at-12.11.58-1-300x300.jpeg 300w, https:\/\/www.colefillesbalears.com\/web\/wp-content\/uploads\/2026\/04\/WhatsApp-Image-2026-04-16-at-12.11.58-1-150x150.jpeg 150w, https:\/\/www.colefillesbalears.com\/web\/wp-content\/uploads\/2026\/04\/WhatsApp-Image-2026-04-16-at-12.11.58-1-1536x1536.jpeg 1536w, https:\/\/www.colefillesbalears.com\/web\/wp-content\/uploads\/2026\/04\/WhatsApp-Image-2026-04-16-at-12.11.58-1-2048x2048.jpeg 2048w\" sizes=\"(max-width: 1024px) 100vw, 1024px\" \/><\/a><\/figure>\n\n\n\n<figure class=\"wp-block-image size-large\"><a href=\"https:\/\/www.colefillesbalears.com\/web\/wp-content\/uploads\/2026\/04\/WhatsApp-Image-2026-04-16-at-12.11.58.jpeg\"><img decoding=\"async\" loading=\"lazy\" width=\"1024\" height=\"1024\" data-id=\"8512\"  src=\"https:\/\/www.colefillesbalears.com\/web\/wp-content\/uploads\/2026\/04\/WhatsApp-Image-2026-04-16-at-12.11.58-1024x1024.jpeg\" alt=\"\" class=\"wp-image-8512\" srcset=\"https:\/\/www.colefillesbalears.com\/web\/wp-content\/uploads\/2026\/04\/WhatsApp-Image-2026-04-16-at-12.11.58-1024x1024.jpeg 1024w, https:\/\/www.colefillesbalears.com\/web\/wp-content\/uploads\/2026\/04\/WhatsApp-Image-2026-04-16-at-12.11.58-300x300.jpeg 300w, https:\/\/www.colefillesbalears.com\/web\/wp-content\/uploads\/2026\/04\/WhatsApp-Image-2026-04-16-at-12.11.58-150x150.jpeg 150w, https:\/\/www.colefillesbalears.com\/web\/wp-content\/uploads\/2026\/04\/WhatsApp-Image-2026-04-16-at-12.11.58-1536x1536.jpeg 1536w, https:\/\/www.colefillesbalears.com\/web\/wp-content\/uploads\/2026\/04\/WhatsApp-Image-2026-04-16-at-12.11.58-2048x2048.jpeg 2048w\" sizes=\"(max-width: 1024px) 100vw, 1024px\" \/><\/a><\/figure>\n<\/figure>\n\n\n\n<h2 class=\"wp-block-heading\">Aquesta edici\u00f3 ha comptat amb la participaci\u00f3 de 50 centres educatius de les Illes Balears i prop de 8.000 alumnes d\u2019Educaci\u00f3 Prim\u00e0ria, Secund\u00e0ria i Formaci\u00f3 Professional, que han sortit a carrers, places i espais p\u00fablics per mostrar activitats, projectes i propostes vinculades a l\u2019educaci\u00f3 f\u00edsica.<br>A nivell estatal, el Dia de l\u2019Educaci\u00f3 F\u00edsica al Carrer s\u2019ha consolidat com una de les accions educatives simult\u00e0nies m\u00e9s rellevants, amb la participaci\u00f3 de milers d\u2019alumnes arreu del territori. L\u2019objectiu principal \u00e9s visibilitzar com l\u2019educaci\u00f3 f\u00edsica, l\u2019exercici f\u00edsic i l\u2019esport contribueixen no nom\u00e9s a la millora de la salut f\u00edsica i mental, sin\u00f3 tamb\u00e9 a la transmissi\u00f3 de valors com la igualtat, la inclusi\u00f3 i el respecte a la diversitat.<\/h2>\n\n\n\n<figure class=\"wp-block-video\"><video controls loop src=\"https:\/\/www.colefillesbalears.com\/web\/wp-content\/uploads\/2026\/04\/WhatsApp-Video-2026-04-17-at-11.54.12.mp4\" playsinline><\/video><\/figure>\n\n\n\n<h2 class=\"wp-block-heading\">En el cas de les Illes Balears, les activitats s\u2019han desenvolupat en diferents municipis, destacant la jornada celebrada a Felanitx, que va comptar amb la visita del conceller d\u2019educaci\u00f3 el sr. Antoni Vera i de la batlessa del municipi la sra. Catalina Soler, aix\u00ed com de representants pol\u00edtics locals, donant suport<br>institucional a aquesta iniciativa educativa.<br>Des del COLEF Illes Balears es valora molt positivament la implicaci\u00f3 dels centres educatius i del<br>professorat, aix\u00ed com la participaci\u00f3 activa de l\u2019alumnat, que any rere any contribueix a fer cr\u00e9ixer aquesta iniciativa.<br>Per a m\u00e9s informaci\u00f3 sobre el Dia de l\u2019Educaci\u00f3 F\u00edsica al Carrer:<br><a href=\"http:\/\/www.consejo-colef.es\/defc\">http:\/\/www.consejo-colef.es\/defc<\/a><\/h2>\n\n\n<div class=\"wp-block-image\">\n<figure class=\"aligncenter size-full\"><a href=\"https:\/\/www.colefillesbalears.com\/web\/wp-content\/uploads\/2026\/04\/UltimaHora20260417.png\"><img decoding=\"async\" loading=\"lazy\" width=\"678\" height=\"541\" src=\"https:\/\/www.colefillesbalears.com\/web\/wp-content\/uploads\/2026\/04\/UltimaHora20260417.png\" alt=\"\" class=\"wp-image-8504\" srcset=\"https:\/\/www.colefillesbalears.com\/web\/wp-content\/uploads\/2026\/04\/UltimaHora20260417.png 678w, https:\/\/www.colefillesbalears.com\/web\/wp-content\/uploads\/2026\/04\/UltimaHora20260417-768x612.png 768w\" sizes=\"(max-width: 678px) 100vw, 678px\" \/><\/a><\/figure><\/div>","protected":false},"excerpt":{"rendered":"<p>El passat dijous 16 d\u2019abril de 2026 es va celebrar a les Illes Balears el 16\u00e8 Dia de l\u2019Educaci\u00f3 F\u00edsica al Carrer, una iniciativa consolidada a nivell estatal que enguany ha tornat a posar en valor el paper del\u2019exercici f\u00edsic dins l\u2019\u00e0mbit educatiu. Aquesta edici\u00f3 ha comptat amb la participaci\u00f3 de 50 centres educatius de [&hellip;]<\/p>\n","protected":false},"author":4,"featured_media":0,"comment_status":"closed","ping_status":"closed","sticky":false,"template":"","format":"standard","meta":[],"categories":[498],"tags":[],"yoast_head":"<!-- This site is optimized with the Yoast SEO plugin v19.6.1 - https:\/\/yoast.com\/wordpress\/plugins\/seo\/ -->\n<title>Les Illes Balears celebren el Dia de l\u2019Educaci\u00f3 F\u00edsica al Carrer amb prop de 8.000 alumnes participants - COLEF Illes Balears<\/title>\n<meta name=\"robots\" content=\"index, follow, max-snippet:-1, max-image-preview:large, max-video-preview:-1\" \/>\n<link rel=\"canonical\" href=\"https:\/\/www.colefillesbalears.com\/web\/2026\/04\/17\/les-illes-balears-celebren-el-dia-de-leducacio-fisica-al-carrer-amb-prop-de-8-000-alumnes-participants\/\" \/>\n<meta property=\"og:locale\" content=\"es_ES\" \/>\n<meta property=\"og:type\" content=\"article\" \/>\n<meta property=\"og:title\" content=\"Les Illes Balears celebren el Dia de l\u2019Educaci\u00f3 F\u00edsica al Carrer amb prop de 8.000 alumnes participants - COLEF Illes Balears\" \/>\n<meta property=\"og:description\" content=\"El passat dijous 16 d\u2019abril de 2026 es va celebrar a les Illes Balears el 16\u00e8 Dia de l\u2019Educaci\u00f3 F\u00edsica al Carrer, una iniciativa consolidada a nivell estatal que enguany ha tornat a posar en valor el paper del\u2019exercici f\u00edsic dins l\u2019\u00e0mbit educatiu. Aquesta edici\u00f3 ha comptat amb la participaci\u00f3 de 50 centres educatius de [&hellip;]\" \/>\n<meta property=\"og:url\" content=\"https:\/\/www.colefillesbalears.com\/web\/2026\/04\/17\/les-illes-balears-celebren-el-dia-de-leducacio-fisica-al-carrer-amb-prop-de-8-000-alumnes-participants\/\" \/>\n<meta property=\"og:site_name\" content=\"COLEF Illes Balears\" \/>\n<meta property=\"article:publisher\" content=\"https:\/\/www.facebook.com\/colef.illesbalears\/?ref=bookmarks\" \/>\n<meta property=\"article:author\" content=\"https:\/\/www.facebook.com\/colef.illesbalears\/\" \/>\n<meta property=\"article:published_time\" content=\"2026-04-17T09:14:13+00:00\" \/>\n<meta property=\"article:modified_time\" content=\"2026-04-17T10:30:32+00:00\" \/>\n<meta property=\"og:image\" content=\"https:\/\/www.colefillesbalears.com\/web\/wp-content\/uploads\/2026\/04\/WhatsApp-Image-2026-04-16-at-11.03.20-1-1024x1024.jpeg\" \/>\n<meta name=\"author\" content=\"RAUL\" \/>\n<meta name=\"twitter:card\" content=\"summary_large_image\" \/>\n<meta name=\"twitter:creator\" content=\"@COLEFBalears\" \/>\n<meta name=\"twitter:site\" content=\"@COLEFBalears\" \/>\n<meta name=\"twitter:label1\" content=\"Escrito por\" \/>\n\t<meta name=\"twitter:data1\" content=\"RAUL\" \/>\n\t<meta name=\"twitter:label2\" content=\"Tiempo de lectura\" \/>\n\t<meta name=\"twitter:data2\" content=\"1 minuto\" \/>\n<script type=\"application\/ld+json\" class=\"yoast-schema-graph\">{\"@context\":\"https:\/\/schema.org\",\"@graph\":[{\"@type\":\"Article\",\"@id\":\"https:\/\/www.colefillesbalears.com\/web\/2026\/04\/17\/les-illes-balears-celebren-el-dia-de-leducacio-fisica-al-carrer-amb-prop-de-8-000-alumnes-participants\/#article\",\"isPartOf\":{\"@id\":\"https:\/\/www.colefillesbalears.com\/web\/2026\/04\/17\/les-illes-balears-celebren-el-dia-de-leducacio-fisica-al-carrer-amb-prop-de-8-000-alumnes-participants\/\"},\"author\":{\"name\":\"RAUL\",\"@id\":\"http:\/\/www.colefillesbalears.com\/web\/#\/schema\/person\/67bfa54d8a7a8533be8dac16e810fde7\"},\"headline\":\"Les Illes Balears celebren el Dia de l\u2019Educaci\u00f3 F\u00edsica al Carrer amb prop de 8.000 alumnes participants\",\"datePublished\":\"2026-04-17T09:14:13+00:00\",\"dateModified\":\"2026-04-17T10:30:32+00:00\",\"mainEntityOfPage\":{\"@id\":\"https:\/\/www.colefillesbalears.com\/web\/2026\/04\/17\/les-illes-balears-celebren-el-dia-de-leducacio-fisica-al-carrer-amb-prop-de-8-000-alumnes-participants\/\"},\"wordCount\":311,\"publisher\":{\"@id\":\"http:\/\/www.colefillesbalears.com\/web\/#organization\"},\"articleSection\":[\"Actualitat\"],\"inLanguage\":\"es\"},{\"@type\":\"WebPage\",\"@id\":\"https:\/\/www.colefillesbalears.com\/web\/2026\/04\/17\/les-illes-balears-celebren-el-dia-de-leducacio-fisica-al-carrer-amb-prop-de-8-000-alumnes-participants\/\",\"url\":\"https:\/\/www.colefillesbalears.com\/web\/2026\/04\/17\/les-illes-balears-celebren-el-dia-de-leducacio-fisica-al-carrer-amb-prop-de-8-000-alumnes-participants\/\",\"name\":\"Les Illes Balears celebren el Dia de l\u2019Educaci\u00f3 F\u00edsica al Carrer amb prop de 8.000 alumnes participants - COLEF Illes Balears\",\"isPartOf\":{\"@id\":\"http:\/\/www.colefillesbalears.com\/web\/#website\"},\"datePublished\":\"2026-04-17T09:14:13+00:00\",\"dateModified\":\"2026-04-17T10:30:32+00:00\",\"breadcrumb\":{\"@id\":\"https:\/\/www.colefillesbalears.com\/web\/2026\/04\/17\/les-illes-balears-celebren-el-dia-de-leducacio-fisica-al-carrer-amb-prop-de-8-000-alumnes-participants\/#breadcrumb\"},\"inLanguage\":\"es\",\"potentialAction\":[{\"@type\":\"ReadAction\",\"target\":[\"https:\/\/www.colefillesbalears.com\/web\/2026\/04\/17\/les-illes-balears-celebren-el-dia-de-leducacio-fisica-al-carrer-amb-prop-de-8-000-alumnes-participants\/\"]}]},{\"@type\":\"BreadcrumbList\",\"@id\":\"https:\/\/www.colefillesbalears.com\/web\/2026\/04\/17\/les-illes-balears-celebren-el-dia-de-leducacio-fisica-al-carrer-amb-prop-de-8-000-alumnes-participants\/#breadcrumb\",\"itemListElement\":[{\"@type\":\"ListItem\",\"position\":1,\"name\":\"Portada\",\"item\":\"http:\/\/www.colefillesbalears.com\/web\/\"},{\"@type\":\"ListItem\",\"position\":2,\"name\":\"Les Illes Balears celebren el Dia de l\u2019Educaci\u00f3 F\u00edsica al Carrer amb prop de 8.000 alumnes participants\"}]},{\"@type\":\"WebSite\",\"@id\":\"http:\/\/www.colefillesbalears.com\/web\/#website\",\"url\":\"http:\/\/www.colefillesbalears.com\/web\/\",\"name\":\"COLEF Illes Balears\",\"description\":\"\",\"publisher\":{\"@id\":\"http:\/\/www.colefillesbalears.com\/web\/#organization\"},\"potentialAction\":[{\"@type\":\"SearchAction\",\"target\":{\"@type\":\"EntryPoint\",\"urlTemplate\":\"http:\/\/www.colefillesbalears.com\/web\/?s={search_term_string}\"},\"query-input\":\"required name=search_term_string\"}],\"inLanguage\":\"es\"},{\"@type\":\"Organization\",\"@id\":\"http:\/\/www.colefillesbalears.com\/web\/#organization\",\"name\":\"Col\u00b7legi Oficial de Llicenciats en Ci\u00e8ncies de l'Activitat F\u00edsica i l'Esport de les Illes Balears\",\"url\":\"http:\/\/www.colefillesbalears.com\/web\/\",\"sameAs\":[\"https:\/\/www.youtube.com\/channel\/UClDRzEzUh03bePGcdVFw1cQ\/featured\",\"https:\/\/www.facebook.com\/colef.illesbalears\/?ref=bookmarks\",\"https:\/\/twitter.com\/COLEFBalears\"],\"logo\":{\"@type\":\"ImageObject\",\"inLanguage\":\"es\",\"@id\":\"http:\/\/www.colefillesbalears.com\/web\/#\/schema\/logo\/image\/\",\"url\":\"http:\/\/www.colefillesbalears.com\/web\/wp-content\/uploads\/2019\/05\/logo-colef-5.png\",\"contentUrl\":\"http:\/\/www.colefillesbalears.com\/web\/wp-content\/uploads\/2019\/05\/logo-colef-5.png\",\"width\":414,\"height\":175,\"caption\":\"Col\u00b7legi Oficial de Llicenciats en Ci\u00e8ncies de l'Activitat F\u00edsica i l'Esport de les Illes Balears\"},\"image\":{\"@id\":\"http:\/\/www.colefillesbalears.com\/web\/#\/schema\/logo\/image\/\"}},{\"@type\":\"Person\",\"@id\":\"http:\/\/www.colefillesbalears.com\/web\/#\/schema\/person\/67bfa54d8a7a8533be8dac16e810fde7\",\"name\":\"RAUL\",\"sameAs\":[\"https:\/\/www.facebook.com\/colef.illesbalears\/\",\"https:\/\/twitter.com\/COLEFBalears\"]}]}<\/script>\n<!-- \/ Yoast SEO plugin. -->","yoast_head_json":{"title":"Les Illes Balears celebren el Dia de l\u2019Educaci\u00f3 F\u00edsica al Carrer amb prop de 8.000 alumnes participants - COLEF Illes Balears","robots":{"index":"index","follow":"follow","max-snippet":"max-snippet:-1","max-image-preview":"max-image-preview:large","max-video-preview":"max-video-preview:-1"},"canonical":"https:\/\/www.colefillesbalears.com\/web\/2026\/04\/17\/les-illes-balears-celebren-el-dia-de-leducacio-fisica-al-carrer-amb-prop-de-8-000-alumnes-participants\/","og_locale":"es_ES","og_type":"article","og_title":"Les Illes Balears celebren el Dia de l\u2019Educaci\u00f3 F\u00edsica al Carrer amb prop de 8.000 alumnes participants - COLEF Illes Balears","og_description":"El passat dijous 16 d\u2019abril de 2026 es va celebrar a les Illes Balears el 16\u00e8 Dia de l\u2019Educaci\u00f3 F\u00edsica al Carrer, una iniciativa consolidada a nivell estatal que enguany ha tornat a posar en valor el paper del\u2019exercici f\u00edsic dins l\u2019\u00e0mbit educatiu. Aquesta edici\u00f3 ha comptat amb la participaci\u00f3 de 50 centres educatius de [&hellip;]","og_url":"https:\/\/www.colefillesbalears.com\/web\/2026\/04\/17\/les-illes-balears-celebren-el-dia-de-leducacio-fisica-al-carrer-amb-prop-de-8-000-alumnes-participants\/","og_site_name":"COLEF Illes Balears","article_publisher":"https:\/\/www.facebook.com\/colef.illesbalears\/?ref=bookmarks","article_author":"https:\/\/www.facebook.com\/colef.illesbalears\/","article_published_time":"2026-04-17T09:14:13+00:00","article_modified_time":"2026-04-17T10:30:32+00:00","og_image":[{"url":"https:\/\/www.colefillesbalears.com\/web\/wp-content\/uploads\/2026\/04\/WhatsApp-Image-2026-04-16-at-11.03.20-1-1024x1024.jpeg"}],"author":"RAUL","twitter_card":"summary_large_image","twitter_creator":"@COLEFBalears","twitter_site":"@COLEFBalears","twitter_misc":{"Escrito por":"RAUL","Tiempo de lectura":"1 minuto"},"schema":{"@context":"https:\/\/schema.org","@graph":[{"@type":"Article","@id":"https:\/\/www.colefillesbalears.com\/web\/2026\/04\/17\/les-illes-balears-celebren-el-dia-de-leducacio-fisica-al-carrer-amb-prop-de-8-000-alumnes-participants\/#article","isPartOf":{"@id":"https:\/\/www.colefillesbalears.com\/web\/2026\/04\/17\/les-illes-balears-celebren-el-dia-de-leducacio-fisica-al-carrer-amb-prop-de-8-000-alumnes-participants\/"},"author":{"name":"RAUL","@id":"http:\/\/www.colefillesbalears.com\/web\/#\/schema\/person\/67bfa54d8a7a8533be8dac16e810fde7"},"headline":"Les Illes Balears celebren el Dia de l\u2019Educaci\u00f3 F\u00edsica al Carrer amb prop de 8.000 alumnes participants","datePublished":"2026-04-17T09:14:13+00:00","dateModified":"2026-04-17T10:30:32+00:00","mainEntityOfPage":{"@id":"https:\/\/www.colefillesbalears.com\/web\/2026\/04\/17\/les-illes-balears-celebren-el-dia-de-leducacio-fisica-al-carrer-amb-prop-de-8-000-alumnes-participants\/"},"wordCount":311,"publisher":{"@id":"http:\/\/www.colefillesbalears.com\/web\/#organization"},"articleSection":["Actualitat"],"inLanguage":"es"},{"@type":"WebPage","@id":"https:\/\/www.colefillesbalears.com\/web\/2026\/04\/17\/les-illes-balears-celebren-el-dia-de-leducacio-fisica-al-carrer-amb-prop-de-8-000-alumnes-participants\/","url":"https:\/\/www.colefillesbalears.com\/web\/2026\/04\/17\/les-illes-balears-celebren-el-dia-de-leducacio-fisica-al-carrer-amb-prop-de-8-000-alumnes-participants\/","name":"Les Illes Balears celebren el Dia de l\u2019Educaci\u00f3 F\u00edsica al Carrer amb prop de 8.000 alumnes participants - COLEF Illes Balears","isPartOf":{"@id":"http:\/\/www.colefillesbalears.com\/web\/#website"},"datePublished":"2026-04-17T09:14:13+00:00","dateModified":"2026-04-17T10:30:32+00:00","breadcrumb":{"@id":"https:\/\/www.colefillesbalears.com\/web\/2026\/04\/17\/les-illes-balears-celebren-el-dia-de-leducacio-fisica-al-carrer-amb-prop-de-8-000-alumnes-participants\/#breadcrumb"},"inLanguage":"es","potentialAction":[{"@type":"ReadAction","target":["https:\/\/www.colefillesbalears.com\/web\/2026\/04\/17\/les-illes-balears-celebren-el-dia-de-leducacio-fisica-al-carrer-amb-prop-de-8-000-alumnes-participants\/"]}]},{"@type":"BreadcrumbList","@id":"https:\/\/www.colefillesbalears.com\/web\/2026\/04\/17\/les-illes-balears-celebren-el-dia-de-leducacio-fisica-al-carrer-amb-prop-de-8-000-alumnes-participants\/#breadcrumb","itemListElement":[{"@type":"ListItem","position":1,"name":"Portada","item":"http:\/\/www.colefillesbalears.com\/web\/"},{"@type":"ListItem","position":2,"name":"Les Illes Balears celebren el Dia de l\u2019Educaci\u00f3 F\u00edsica al Carrer amb prop de 8.000 alumnes participants"}]},{"@type":"WebSite","@id":"http:\/\/www.colefillesbalears.com\/web\/#website","url":"http:\/\/www.colefillesbalears.com\/web\/","name":"COLEF Illes Balears","description":"","publisher":{"@id":"http:\/\/www.colefillesbalears.com\/web\/#organization"},"potentialAction":[{"@type":"SearchAction","target":{"@type":"EntryPoint","urlTemplate":"http:\/\/www.colefillesbalears.com\/web\/?s={search_term_string}"},"query-input":"required name=search_term_string"}],"inLanguage":"es"},{"@type":"Organization","@id":"http:\/\/www.colefillesbalears.com\/web\/#organization","name":"Col\u00b7legi Oficial de Llicenciats en Ci\u00e8ncies de l'Activitat F\u00edsica i l'Esport de les Illes Balears","url":"http:\/\/www.colefillesbalears.com\/web\/","sameAs":["https:\/\/www.youtube.com\/channel\/UClDRzEzUh03bePGcdVFw1cQ\/featured","https:\/\/www.facebook.com\/colef.illesbalears\/?ref=bookmarks","https:\/\/twitter.com\/COLEFBalears"],"logo":{"@type":"ImageObject","inLanguage":"es","@id":"http:\/\/www.colefillesbalears.com\/web\/#\/schema\/logo\/image\/","url":"http:\/\/www.colefillesbalears.com\/web\/wp-content\/uploads\/2019\/05\/logo-colef-5.png","contentUrl":"http:\/\/www.colefillesbalears.com\/web\/wp-content\/uploads\/2019\/05\/logo-colef-5.png","width":414,"height":175,"caption":"Col\u00b7legi Oficial de Llicenciats en Ci\u00e8ncies de l'Activitat F\u00edsica i l'Esport de les Illes Balears"},"image":{"@id":"http:\/\/www.colefillesbalears.com\/web\/#\/schema\/logo\/image\/"}},{"@type":"Person","@id":"http:\/\/www.colefillesbalears.com\/web\/#\/schema\/person\/67bfa54d8a7a8533be8dac16e810fde7","name":"RAUL","sameAs":["https:\/\/www.facebook.com\/colef.illesbalears\/","https:\/\/twitter.com\/COLEFBalears"]}]}},"_links":{"self":[{"href":"https:\/\/www.colefillesbalears.com\/web\/wp-json\/wp\/v2\/posts\/8503"}],"collection":[{"href":"https:\/\/www.colefillesbalears.com\/web\/wp-json\/wp\/v2\/posts"}],"about":[{"href":"https:\/\/www.colefillesbalears.com\/web\/wp-json\/wp\/v2\/types\/post"}],"author":[{"embeddable":true,"href":"https:\/\/www.colefillesbalears.com\/web\/wp-json\/wp\/v2\/users\/4"}],"replies":[{"embeddable":true,"href":"https:\/\/www.colefillesbalears.com\/web\/wp-json\/wp\/v2\/comments?post=8503"}],"version-history":[{"count":3,"href":"https:\/\/www.colefillesbalears.com\/web\/wp-json\/wp\/v2\/posts\/8503\/revisions"}],"predecessor-version":[{"id":8521,"href":"https:\/\/www.colefillesbalears.com\/web\/wp-json\/wp\/v2\/posts\/8503\/revisions\/8521"}],"wp:attachment":[{"href":"https:\/\/www.colefillesbalears.com\/web\/wp-json\/wp\/v2\/media?parent=8503"}],"wp:term":[{"taxonomy":"category","embeddable":true,"href":"https:\/\/www.colefillesbalears.com\/web\/wp-json\/wp\/v2\/categories?post=8503"},{"taxonomy":"post_tag","embeddable":true,"href":"https:\/\/www.colefillesbalears.com\/web\/wp-json\/wp\/v2\/tags?post=8503"}],"curies":[{"name":"wp","href":"https:\/\/api.w.org\/{rel}","templated":true}]}}