{"id":8379,"date":"2025-09-29T09:25:15","date_gmt":"2025-09-29T09:25:15","guid":{"rendered":"http:\/\/www.colefillesbalears.com\/web\/?p=8379"},"modified":"2025-09-29T09:25:16","modified_gmt":"2025-09-29T09:25:16","slug":"junta-de-govern-25-09-2025","status":"publish","type":"post","link":"https:\/\/www.colefillesbalears.com\/web\/2025\/09\/29\/junta-de-govern-25-09-2025\/","title":{"rendered":"Junta de Govern 25\/09\/2025"},"content":{"rendered":"\n<h2 class=\"wp-block-heading\">La Junta de Govern del COLEF Illes Balears es va reunir el 25\/09\/2025 on es van aprovar per unanimitat la presentaci\u00f3 d\u2019un recurs contenci\u00f3s en relaci\u00f3 a la resoluci\u00f3 publicada de la pla\u00e7a \u201cDirector\/a d\u2019instal\u00b7lacions de l\u2019Institut Municipal de l\u2019Esport\u201d de l\u2019Ajuntament de Palma i publicada en la modificaci\u00f3 de relaci\u00f3 de llocs de treball del personal laboral (BOIB de 17\/04\/2025) i la llista definitiva d\u2019ajudes a la formaci\u00f3.<\/h2>\n","protected":false},"excerpt":{"rendered":"<p>La Junta de Govern del COLEF Illes Balears es va reunir el 25\/09\/2025 on es van aprovar per unanimitat la presentaci\u00f3 d\u2019un recurs contenci\u00f3s en relaci\u00f3 a la resoluci\u00f3 publicada de la pla\u00e7a \u201cDirector\/a d\u2019instal\u00b7lacions de l\u2019Institut Municipal de l\u2019Esport\u201d de l\u2019Ajuntament de Palma i publicada en la modificaci\u00f3 de relaci\u00f3 de llocs de treball [&hellip;]<\/p>\n","protected":false},"author":4,"featured_media":0,"comment_status":"closed","ping_status":"closed","sticky":false,"template":"","format":"standard","meta":[],"categories":[498],"tags":[],"yoast_head":"<!-- This site is optimized with the Yoast SEO plugin v19.6.1 - https:\/\/yoast.com\/wordpress\/plugins\/seo\/ -->\n<title>Junta de Govern 25\/09\/2025 - COLEF Illes Balears<\/title>\n<meta name=\"robots\" content=\"index, follow, max-snippet:-1, max-image-preview:large, max-video-preview:-1\" \/>\n<link rel=\"canonical\" href=\"https:\/\/www.colefillesbalears.com\/web\/2025\/09\/29\/junta-de-govern-25-09-2025\/\" \/>\n<meta property=\"og:locale\" content=\"es_ES\" \/>\n<meta property=\"og:type\" content=\"article\" \/>\n<meta property=\"og:title\" content=\"Junta de Govern 25\/09\/2025 - COLEF Illes Balears\" \/>\n<meta property=\"og:description\" content=\"La Junta de Govern del COLEF Illes Balears es va reunir el 25\/09\/2025 on es van aprovar per unanimitat la presentaci\u00f3 d\u2019un recurs contenci\u00f3s en relaci\u00f3 a la resoluci\u00f3 publicada de la pla\u00e7a \u201cDirector\/a d\u2019instal\u00b7lacions de l\u2019Institut Municipal de l\u2019Esport\u201d de l\u2019Ajuntament de Palma i publicada en la modificaci\u00f3 de relaci\u00f3 de llocs de treball [&hellip;]\" \/>\n<meta property=\"og:url\" content=\"https:\/\/www.colefillesbalears.com\/web\/2025\/09\/29\/junta-de-govern-25-09-2025\/\" \/>\n<meta property=\"og:site_name\" content=\"COLEF Illes Balears\" \/>\n<meta property=\"article:publisher\" content=\"https:\/\/www.facebook.com\/colef.illesbalears\/?ref=bookmarks\" \/>\n<meta property=\"article:author\" content=\"https:\/\/www.facebook.com\/colef.illesbalears\/\" \/>\n<meta property=\"article:published_time\" content=\"2025-09-29T09:25:15+00:00\" \/>\n<meta property=\"article:modified_time\" content=\"2025-09-29T09:25:16+00:00\" \/>\n<meta name=\"author\" content=\"RAUL\" \/>\n<meta name=\"twitter:card\" content=\"summary_large_image\" \/>\n<meta name=\"twitter:creator\" content=\"@COLEFBalears\" \/>\n<meta name=\"twitter:site\" content=\"@COLEFBalears\" \/>\n<meta name=\"twitter:label1\" content=\"Escrito por\" \/>\n\t<meta name=\"twitter:data1\" content=\"RAUL\" \/>\n<script type=\"application\/ld+json\" class=\"yoast-schema-graph\">{\"@context\":\"https:\/\/schema.org\",\"@graph\":[{\"@type\":\"Article\",\"@id\":\"https:\/\/www.colefillesbalears.com\/web\/2025\/09\/29\/junta-de-govern-25-09-2025\/#article\",\"isPartOf\":{\"@id\":\"https:\/\/www.colefillesbalears.com\/web\/2025\/09\/29\/junta-de-govern-25-09-2025\/\"},\"author\":{\"name\":\"RAUL\",\"@id\":\"http:\/\/www.colefillesbalears.com\/web\/#\/schema\/person\/67bfa54d8a7a8533be8dac16e810fde7\"},\"headline\":\"Junta de Govern 25\/09\/2025\",\"datePublished\":\"2025-09-29T09:25:15+00:00\",\"dateModified\":\"2025-09-29T09:25:16+00:00\",\"mainEntityOfPage\":{\"@id\":\"https:\/\/www.colefillesbalears.com\/web\/2025\/09\/29\/junta-de-govern-25-09-2025\/\"},\"wordCount\":80,\"publisher\":{\"@id\":\"http:\/\/www.colefillesbalears.com\/web\/#organization\"},\"articleSection\":[\"Actualitat\"],\"inLanguage\":\"es\"},{\"@type\":\"WebPage\",\"@id\":\"https:\/\/www.colefillesbalears.com\/web\/2025\/09\/29\/junta-de-govern-25-09-2025\/\",\"url\":\"https:\/\/www.colefillesbalears.com\/web\/2025\/09\/29\/junta-de-govern-25-09-2025\/\",\"name\":\"Junta de Govern 25\/09\/2025 - COLEF Illes Balears\",\"isPartOf\":{\"@id\":\"http:\/\/www.colefillesbalears.com\/web\/#website\"},\"datePublished\":\"2025-09-29T09:25:15+00:00\",\"dateModified\":\"2025-09-29T09:25:16+00:00\",\"breadcrumb\":{\"@id\":\"https:\/\/www.colefillesbalears.com\/web\/2025\/09\/29\/junta-de-govern-25-09-2025\/#breadcrumb\"},\"inLanguage\":\"es\",\"potentialAction\":[{\"@type\":\"ReadAction\",\"target\":[\"https:\/\/www.colefillesbalears.com\/web\/2025\/09\/29\/junta-de-govern-25-09-2025\/\"]}]},{\"@type\":\"BreadcrumbList\",\"@id\":\"https:\/\/www.colefillesbalears.com\/web\/2025\/09\/29\/junta-de-govern-25-09-2025\/#breadcrumb\",\"itemListElement\":[{\"@type\":\"ListItem\",\"position\":1,\"name\":\"Portada\",\"item\":\"http:\/\/www.colefillesbalears.com\/web\/\"},{\"@type\":\"ListItem\",\"position\":2,\"name\":\"Junta de Govern 25\/09\/2025\"}]},{\"@type\":\"WebSite\",\"@id\":\"http:\/\/www.colefillesbalears.com\/web\/#website\",\"url\":\"http:\/\/www.colefillesbalears.com\/web\/\",\"name\":\"COLEF Illes Balears\",\"description\":\"\",\"publisher\":{\"@id\":\"http:\/\/www.colefillesbalears.com\/web\/#organization\"},\"potentialAction\":[{\"@type\":\"SearchAction\",\"target\":{\"@type\":\"EntryPoint\",\"urlTemplate\":\"http:\/\/www.colefillesbalears.com\/web\/?s={search_term_string}\"},\"query-input\":\"required name=search_term_string\"}],\"inLanguage\":\"es\"},{\"@type\":\"Organization\",\"@id\":\"http:\/\/www.colefillesbalears.com\/web\/#organization\",\"name\":\"Col\u00b7legi Oficial de Llicenciats en Ci\u00e8ncies de l'Activitat F\u00edsica i l'Esport de les Illes Balears\",\"url\":\"http:\/\/www.colefillesbalears.com\/web\/\",\"sameAs\":[\"https:\/\/www.youtube.com\/channel\/UClDRzEzUh03bePGcdVFw1cQ\/featured\",\"https:\/\/www.facebook.com\/colef.illesbalears\/?ref=bookmarks\",\"https:\/\/twitter.com\/COLEFBalears\"],\"logo\":{\"@type\":\"ImageObject\",\"inLanguage\":\"es\",\"@id\":\"http:\/\/www.colefillesbalears.com\/web\/#\/schema\/logo\/image\/\",\"url\":\"http:\/\/www.colefillesbalears.com\/web\/wp-content\/uploads\/2019\/05\/logo-colef-5.png\",\"contentUrl\":\"http:\/\/www.colefillesbalears.com\/web\/wp-content\/uploads\/2019\/05\/logo-colef-5.png\",\"width\":414,\"height\":175,\"caption\":\"Col\u00b7legi Oficial de Llicenciats en Ci\u00e8ncies de l'Activitat F\u00edsica i l'Esport de les Illes Balears\"},\"image\":{\"@id\":\"http:\/\/www.colefillesbalears.com\/web\/#\/schema\/logo\/image\/\"}},{\"@type\":\"Person\",\"@id\":\"http:\/\/www.colefillesbalears.com\/web\/#\/schema\/person\/67bfa54d8a7a8533be8dac16e810fde7\",\"name\":\"RAUL\",\"sameAs\":[\"https:\/\/www.facebook.com\/colef.illesbalears\/\",\"https:\/\/twitter.com\/COLEFBalears\"]}]}<\/script>\n<!-- \/ Yoast SEO plugin. -->","yoast_head_json":{"title":"Junta de Govern 25\/09\/2025 - COLEF Illes Balears","robots":{"index":"index","follow":"follow","max-snippet":"max-snippet:-1","max-image-preview":"max-image-preview:large","max-video-preview":"max-video-preview:-1"},"canonical":"https:\/\/www.colefillesbalears.com\/web\/2025\/09\/29\/junta-de-govern-25-09-2025\/","og_locale":"es_ES","og_type":"article","og_title":"Junta de Govern 25\/09\/2025 - COLEF Illes Balears","og_description":"La Junta de Govern del COLEF Illes Balears es va reunir el 25\/09\/2025 on es van aprovar per unanimitat la presentaci\u00f3 d\u2019un recurs contenci\u00f3s en relaci\u00f3 a la resoluci\u00f3 publicada de la pla\u00e7a \u201cDirector\/a d\u2019instal\u00b7lacions de l\u2019Institut Municipal de l\u2019Esport\u201d de l\u2019Ajuntament de Palma i publicada en la modificaci\u00f3 de relaci\u00f3 de llocs de treball [&hellip;]","og_url":"https:\/\/www.colefillesbalears.com\/web\/2025\/09\/29\/junta-de-govern-25-09-2025\/","og_site_name":"COLEF Illes Balears","article_publisher":"https:\/\/www.facebook.com\/colef.illesbalears\/?ref=bookmarks","article_author":"https:\/\/www.facebook.com\/colef.illesbalears\/","article_published_time":"2025-09-29T09:25:15+00:00","article_modified_time":"2025-09-29T09:25:16+00:00","author":"RAUL","twitter_card":"summary_large_image","twitter_creator":"@COLEFBalears","twitter_site":"@COLEFBalears","twitter_misc":{"Escrito por":"RAUL"},"schema":{"@context":"https:\/\/schema.org","@graph":[{"@type":"Article","@id":"https:\/\/www.colefillesbalears.com\/web\/2025\/09\/29\/junta-de-govern-25-09-2025\/#article","isPartOf":{"@id":"https:\/\/www.colefillesbalears.com\/web\/2025\/09\/29\/junta-de-govern-25-09-2025\/"},"author":{"name":"RAUL","@id":"http:\/\/www.colefillesbalears.com\/web\/#\/schema\/person\/67bfa54d8a7a8533be8dac16e810fde7"},"headline":"Junta de Govern 25\/09\/2025","datePublished":"2025-09-29T09:25:15+00:00","dateModified":"2025-09-29T09:25:16+00:00","mainEntityOfPage":{"@id":"https:\/\/www.colefillesbalears.com\/web\/2025\/09\/29\/junta-de-govern-25-09-2025\/"},"wordCount":80,"publisher":{"@id":"http:\/\/www.colefillesbalears.com\/web\/#organization"},"articleSection":["Actualitat"],"inLanguage":"es"},{"@type":"WebPage","@id":"https:\/\/www.colefillesbalears.com\/web\/2025\/09\/29\/junta-de-govern-25-09-2025\/","url":"https:\/\/www.colefillesbalears.com\/web\/2025\/09\/29\/junta-de-govern-25-09-2025\/","name":"Junta de Govern 25\/09\/2025 - COLEF Illes Balears","isPartOf":{"@id":"http:\/\/www.colefillesbalears.com\/web\/#website"},"datePublished":"2025-09-29T09:25:15+00:00","dateModified":"2025-09-29T09:25:16+00:00","breadcrumb":{"@id":"https:\/\/www.colefillesbalears.com\/web\/2025\/09\/29\/junta-de-govern-25-09-2025\/#breadcrumb"},"inLanguage":"es","potentialAction":[{"@type":"ReadAction","target":["https:\/\/www.colefillesbalears.com\/web\/2025\/09\/29\/junta-de-govern-25-09-2025\/"]}]},{"@type":"BreadcrumbList","@id":"https:\/\/www.colefillesbalears.com\/web\/2025\/09\/29\/junta-de-govern-25-09-2025\/#breadcrumb","itemListElement":[{"@type":"ListItem","position":1,"name":"Portada","item":"http:\/\/www.colefillesbalears.com\/web\/"},{"@type":"ListItem","position":2,"name":"Junta de Govern 25\/09\/2025"}]},{"@type":"WebSite","@id":"http:\/\/www.colefillesbalears.com\/web\/#website","url":"http:\/\/www.colefillesbalears.com\/web\/","name":"COLEF Illes Balears","description":"","publisher":{"@id":"http:\/\/www.colefillesbalears.com\/web\/#organization"},"potentialAction":[{"@type":"SearchAction","target":{"@type":"EntryPoint","urlTemplate":"http:\/\/www.colefillesbalears.com\/web\/?s={search_term_string}"},"query-input":"required name=search_term_string"}],"inLanguage":"es"},{"@type":"Organization","@id":"http:\/\/www.colefillesbalears.com\/web\/#organization","name":"Col\u00b7legi Oficial de Llicenciats en Ci\u00e8ncies de l'Activitat F\u00edsica i l'Esport de les Illes Balears","url":"http:\/\/www.colefillesbalears.com\/web\/","sameAs":["https:\/\/www.youtube.com\/channel\/UClDRzEzUh03bePGcdVFw1cQ\/featured","https:\/\/www.facebook.com\/colef.illesbalears\/?ref=bookmarks","https:\/\/twitter.com\/COLEFBalears"],"logo":{"@type":"ImageObject","inLanguage":"es","@id":"http:\/\/www.colefillesbalears.com\/web\/#\/schema\/logo\/image\/","url":"http:\/\/www.colefillesbalears.com\/web\/wp-content\/uploads\/2019\/05\/logo-colef-5.png","contentUrl":"http:\/\/www.colefillesbalears.com\/web\/wp-content\/uploads\/2019\/05\/logo-colef-5.png","width":414,"height":175,"caption":"Col\u00b7legi Oficial de Llicenciats en Ci\u00e8ncies de l'Activitat F\u00edsica i l'Esport de les Illes Balears"},"image":{"@id":"http:\/\/www.colefillesbalears.com\/web\/#\/schema\/logo\/image\/"}},{"@type":"Person","@id":"http:\/\/www.colefillesbalears.com\/web\/#\/schema\/person\/67bfa54d8a7a8533be8dac16e810fde7","name":"RAUL","sameAs":["https:\/\/www.facebook.com\/colef.illesbalears\/","https:\/\/twitter.com\/COLEFBalears"]}]}},"_links":{"self":[{"href":"https:\/\/www.colefillesbalears.com\/web\/wp-json\/wp\/v2\/posts\/8379"}],"collection":[{"href":"https:\/\/www.colefillesbalears.com\/web\/wp-json\/wp\/v2\/posts"}],"about":[{"href":"https:\/\/www.colefillesbalears.com\/web\/wp-json\/wp\/v2\/types\/post"}],"author":[{"embeddable":true,"href":"https:\/\/www.colefillesbalears.com\/web\/wp-json\/wp\/v2\/users\/4"}],"replies":[{"embeddable":true,"href":"https:\/\/www.colefillesbalears.com\/web\/wp-json\/wp\/v2\/comments?post=8379"}],"version-history":[{"count":1,"href":"https:\/\/www.colefillesbalears.com\/web\/wp-json\/wp\/v2\/posts\/8379\/revisions"}],"predecessor-version":[{"id":8380,"href":"https:\/\/www.colefillesbalears.com\/web\/wp-json\/wp\/v2\/posts\/8379\/revisions\/8380"}],"wp:attachment":[{"href":"https:\/\/www.colefillesbalears.com\/web\/wp-json\/wp\/v2\/media?parent=8379"}],"wp:term":[{"taxonomy":"category","embeddable":true,"href":"https:\/\/www.colefillesbalears.com\/web\/wp-json\/wp\/v2\/categories?post=8379"},{"taxonomy":"post_tag","embeddable":true,"href":"https:\/\/www.colefillesbalears.com\/web\/wp-json\/wp\/v2\/tags?post=8379"}],"curies":[{"name":"wp","href":"https:\/\/api.w.org\/{rel}","templated":true}]}}