{"id":4864,"date":"2020-06-10T06:31:23","date_gmt":"2020-06-10T06:31:23","guid":{"rendered":"http:\/\/www.colefillesbalears.com\/web\/?p=4864"},"modified":"2020-06-10T06:31:26","modified_gmt":"2020-06-10T06:31:26","slug":"reunio-conselleria-de-salut","status":"publish","type":"post","link":"https:\/\/www.colefillesbalears.com\/web\/2020\/06\/10\/reunio-conselleria-de-salut\/","title":{"rendered":"Reuni\u00f3 Conselleria de Salut"},"content":{"rendered":"\n<figure class=\"wp-block-image size-full\"><img decoding=\"async\" loading=\"lazy\" width=\"822\" height=\"578\" src=\"http:\/\/www.colefillesbalears.com\/web\/wp-content\/uploads\/2020\/06\/103504930_1995657303897550_80411895020720200_n.png\" alt=\"\" class=\"wp-image-4865\" srcset=\"https:\/\/www.colefillesbalears.com\/web\/wp-content\/uploads\/2020\/06\/103504930_1995657303897550_80411895020720200_n.png 822w, https:\/\/www.colefillesbalears.com\/web\/wp-content\/uploads\/2020\/06\/103504930_1995657303897550_80411895020720200_n-768x540.png 768w\" sizes=\"(max-width: 822px) 100vw, 822px\" \/><\/figure>\n\n\n\n<p>Ahir, dimarts 9 de juny, la presidenta i la gerent del COLEF Illes Balears es varen reunir telem\u00e0ticament amb la Conselleria Salut.Com a continuaci\u00f3 de la reuni\u00f3 celebrada al desembre del 2019, es va dur a terme una reuni\u00f3 amb el Sr. Nacho Garc\u00eda, director general de Prestacions i Farm\u00e0cia, la Sra. Carmina Vera Gaspar, presidenta del Colef, i\u00a0la Sra. Elena Perez Collada, gerent del Colef.<\/p>\n\n\n\n<p>Donem el nostre suport a la Conselleria i com a temes principals s&#8217;han tractat:<\/p>\n\n\n\n<p>&#x2705;&nbsp;La import\u00e0ncia i visibilitat dels Educadors\/es f\u00edsics Esportius\/ves arran del COVID-19.<\/p>\n\n\n\n<p>&#x2705;&nbsp;Continuem tractant el tema de les compet\u00e8ncies dels Educadors\/es f\u00edsics Esportius\/ves en l&#8217;\u00e0mbit de Sanitat.<\/p>\n\n\n\n<p>&#x2705;Posem en coneixement a la Conselleria la base de dades d&#8217;entrenadors\/es i preparadors\/es f\u00edsics en l&#8217;\u00e0mbit de la salut del Colef i fem el posterior enviament per l&#8217;inter\u00e8s mostrat.<\/p>\n\n\n\n<p>&#x2705;&nbsp;Segueix endavant amb la intenci\u00f3 d&#8217;incloure la categoria professional de l&#8217;Educador\/a F\u00edsic Esportiu\/va per al Servei de Salut perqu\u00e8 ens incloguin en el del decret de creaci\u00f3 de categories<\/p>\n\n\n\n<p>Gr\u00e0cies pel suport de la Conselleria de Salut i per donar valor als Educadors F\u00edsics dins de l&#8217;\u00e0mbit de la Salut.<\/p>\n","protected":false},"excerpt":{"rendered":"<p>Ahir, dimarts 9 de juny, la presidenta i la gerent del COLEF Illes Balears es varen reunir telem\u00e0ticament amb la Conselleria Salut.Com a continuaci\u00f3 de la reuni\u00f3 celebrada al desembre del 2019, es va dur a terme una reuni\u00f3 amb el Sr. Nacho Garc\u00eda, director general de Prestacions i Farm\u00e0cia, la Sra. Carmina Vera Gaspar, [&hellip;]<\/p>\n","protected":false},"author":4,"featured_media":0,"comment_status":"closed","ping_status":"closed","sticky":false,"template":"","format":"standard","meta":[],"categories":[498],"tags":[],"yoast_head":"<!-- This site is optimized with the Yoast SEO plugin v19.6.1 - https:\/\/yoast.com\/wordpress\/plugins\/seo\/ -->\n<title>Reuni\u00f3 Conselleria de Salut - COLEF Illes Balears<\/title>\n<meta name=\"robots\" content=\"index, follow, max-snippet:-1, max-image-preview:large, max-video-preview:-1\" \/>\n<link rel=\"canonical\" href=\"https:\/\/www.colefillesbalears.com\/web\/2020\/06\/10\/reunio-conselleria-de-salut\/\" \/>\n<meta property=\"og:locale\" content=\"es_ES\" \/>\n<meta property=\"og:type\" content=\"article\" \/>\n<meta property=\"og:title\" content=\"Reuni\u00f3 Conselleria de Salut - COLEF Illes Balears\" \/>\n<meta property=\"og:description\" content=\"Ahir, dimarts 9 de juny, la presidenta i la gerent del COLEF Illes Balears es varen reunir telem\u00e0ticament amb la Conselleria Salut.Com a continuaci\u00f3 de la reuni\u00f3 celebrada al desembre del 2019, es va dur a terme una reuni\u00f3 amb el Sr. Nacho Garc\u00eda, director general de Prestacions i Farm\u00e0cia, la Sra. Carmina Vera Gaspar, [&hellip;]\" \/>\n<meta property=\"og:url\" content=\"https:\/\/www.colefillesbalears.com\/web\/2020\/06\/10\/reunio-conselleria-de-salut\/\" \/>\n<meta property=\"og:site_name\" content=\"COLEF Illes Balears\" \/>\n<meta property=\"article:publisher\" content=\"https:\/\/www.facebook.com\/colef.illesbalears\/?ref=bookmarks\" \/>\n<meta property=\"article:author\" content=\"https:\/\/www.facebook.com\/colef.illesbalears\/\" \/>\n<meta property=\"article:published_time\" content=\"2020-06-10T06:31:23+00:00\" \/>\n<meta property=\"article:modified_time\" content=\"2020-06-10T06:31:26+00:00\" \/>\n<meta property=\"og:image\" content=\"http:\/\/www.colefillesbalears.com\/web\/wp-content\/uploads\/2020\/06\/103504930_1995657303897550_80411895020720200_n.png\" \/>\n<meta name=\"author\" content=\"RAUL\" \/>\n<meta name=\"twitter:card\" content=\"summary_large_image\" \/>\n<meta name=\"twitter:creator\" content=\"@COLEFBalears\" \/>\n<meta name=\"twitter:site\" content=\"@COLEFBalears\" \/>\n<meta name=\"twitter:label1\" content=\"Escrito por\" \/>\n\t<meta name=\"twitter:data1\" content=\"RAUL\" \/>\n\t<meta name=\"twitter:label2\" content=\"Tiempo de lectura\" \/>\n\t<meta name=\"twitter:data2\" content=\"1 minuto\" \/>\n<script type=\"application\/ld+json\" class=\"yoast-schema-graph\">{\"@context\":\"https:\/\/schema.org\",\"@graph\":[{\"@type\":\"Article\",\"@id\":\"https:\/\/www.colefillesbalears.com\/web\/2020\/06\/10\/reunio-conselleria-de-salut\/#article\",\"isPartOf\":{\"@id\":\"https:\/\/www.colefillesbalears.com\/web\/2020\/06\/10\/reunio-conselleria-de-salut\/\"},\"author\":{\"name\":\"RAUL\",\"@id\":\"http:\/\/www.colefillesbalears.com\/web\/#\/schema\/person\/67bfa54d8a7a8533be8dac16e810fde7\"},\"headline\":\"Reuni\u00f3 Conselleria de Salut\",\"datePublished\":\"2020-06-10T06:31:23+00:00\",\"dateModified\":\"2020-06-10T06:31:26+00:00\",\"mainEntityOfPage\":{\"@id\":\"https:\/\/www.colefillesbalears.com\/web\/2020\/06\/10\/reunio-conselleria-de-salut\/\"},\"wordCount\":219,\"publisher\":{\"@id\":\"http:\/\/www.colefillesbalears.com\/web\/#organization\"},\"articleSection\":[\"Actualitat\"],\"inLanguage\":\"es\"},{\"@type\":\"WebPage\",\"@id\":\"https:\/\/www.colefillesbalears.com\/web\/2020\/06\/10\/reunio-conselleria-de-salut\/\",\"url\":\"https:\/\/www.colefillesbalears.com\/web\/2020\/06\/10\/reunio-conselleria-de-salut\/\",\"name\":\"Reuni\u00f3 Conselleria de Salut - COLEF Illes Balears\",\"isPartOf\":{\"@id\":\"http:\/\/www.colefillesbalears.com\/web\/#website\"},\"datePublished\":\"2020-06-10T06:31:23+00:00\",\"dateModified\":\"2020-06-10T06:31:26+00:00\",\"breadcrumb\":{\"@id\":\"https:\/\/www.colefillesbalears.com\/web\/2020\/06\/10\/reunio-conselleria-de-salut\/#breadcrumb\"},\"inLanguage\":\"es\",\"potentialAction\":[{\"@type\":\"ReadAction\",\"target\":[\"https:\/\/www.colefillesbalears.com\/web\/2020\/06\/10\/reunio-conselleria-de-salut\/\"]}]},{\"@type\":\"BreadcrumbList\",\"@id\":\"https:\/\/www.colefillesbalears.com\/web\/2020\/06\/10\/reunio-conselleria-de-salut\/#breadcrumb\",\"itemListElement\":[{\"@type\":\"ListItem\",\"position\":1,\"name\":\"Portada\",\"item\":\"http:\/\/www.colefillesbalears.com\/web\/\"},{\"@type\":\"ListItem\",\"position\":2,\"name\":\"Reuni\u00f3 Conselleria de Salut\"}]},{\"@type\":\"WebSite\",\"@id\":\"http:\/\/www.colefillesbalears.com\/web\/#website\",\"url\":\"http:\/\/www.colefillesbalears.com\/web\/\",\"name\":\"COLEF Illes Balears\",\"description\":\"\",\"publisher\":{\"@id\":\"http:\/\/www.colefillesbalears.com\/web\/#organization\"},\"potentialAction\":[{\"@type\":\"SearchAction\",\"target\":{\"@type\":\"EntryPoint\",\"urlTemplate\":\"http:\/\/www.colefillesbalears.com\/web\/?s={search_term_string}\"},\"query-input\":\"required name=search_term_string\"}],\"inLanguage\":\"es\"},{\"@type\":\"Organization\",\"@id\":\"http:\/\/www.colefillesbalears.com\/web\/#organization\",\"name\":\"Col\u00b7legi Oficial de Llicenciats en Ci\u00e8ncies de l'Activitat F\u00edsica i l'Esport de les Illes Balears\",\"url\":\"http:\/\/www.colefillesbalears.com\/web\/\",\"sameAs\":[\"https:\/\/www.youtube.com\/channel\/UClDRzEzUh03bePGcdVFw1cQ\/featured\",\"https:\/\/www.facebook.com\/colef.illesbalears\/?ref=bookmarks\",\"https:\/\/twitter.com\/COLEFBalears\"],\"logo\":{\"@type\":\"ImageObject\",\"inLanguage\":\"es\",\"@id\":\"http:\/\/www.colefillesbalears.com\/web\/#\/schema\/logo\/image\/\",\"url\":\"http:\/\/www.colefillesbalears.com\/web\/wp-content\/uploads\/2019\/05\/logo-colef-5.png\",\"contentUrl\":\"http:\/\/www.colefillesbalears.com\/web\/wp-content\/uploads\/2019\/05\/logo-colef-5.png\",\"width\":414,\"height\":175,\"caption\":\"Col\u00b7legi Oficial de Llicenciats en Ci\u00e8ncies de l'Activitat F\u00edsica i l'Esport de les Illes Balears\"},\"image\":{\"@id\":\"http:\/\/www.colefillesbalears.com\/web\/#\/schema\/logo\/image\/\"}},{\"@type\":\"Person\",\"@id\":\"http:\/\/www.colefillesbalears.com\/web\/#\/schema\/person\/67bfa54d8a7a8533be8dac16e810fde7\",\"name\":\"RAUL\",\"sameAs\":[\"https:\/\/www.facebook.com\/colef.illesbalears\/\",\"https:\/\/twitter.com\/COLEFBalears\"]}]}<\/script>\n<!-- \/ Yoast SEO plugin. -->","yoast_head_json":{"title":"Reuni\u00f3 Conselleria de Salut - COLEF Illes Balears","robots":{"index":"index","follow":"follow","max-snippet":"max-snippet:-1","max-image-preview":"max-image-preview:large","max-video-preview":"max-video-preview:-1"},"canonical":"https:\/\/www.colefillesbalears.com\/web\/2020\/06\/10\/reunio-conselleria-de-salut\/","og_locale":"es_ES","og_type":"article","og_title":"Reuni\u00f3 Conselleria de Salut - COLEF Illes Balears","og_description":"Ahir, dimarts 9 de juny, la presidenta i la gerent del COLEF Illes Balears es varen reunir telem\u00e0ticament amb la Conselleria Salut.Com a continuaci\u00f3 de la reuni\u00f3 celebrada al desembre del 2019, es va dur a terme una reuni\u00f3 amb el Sr. Nacho Garc\u00eda, director general de Prestacions i Farm\u00e0cia, la Sra. Carmina Vera Gaspar, [&hellip;]","og_url":"https:\/\/www.colefillesbalears.com\/web\/2020\/06\/10\/reunio-conselleria-de-salut\/","og_site_name":"COLEF Illes Balears","article_publisher":"https:\/\/www.facebook.com\/colef.illesbalears\/?ref=bookmarks","article_author":"https:\/\/www.facebook.com\/colef.illesbalears\/","article_published_time":"2020-06-10T06:31:23+00:00","article_modified_time":"2020-06-10T06:31:26+00:00","og_image":[{"url":"http:\/\/www.colefillesbalears.com\/web\/wp-content\/uploads\/2020\/06\/103504930_1995657303897550_80411895020720200_n.png"}],"author":"RAUL","twitter_card":"summary_large_image","twitter_creator":"@COLEFBalears","twitter_site":"@COLEFBalears","twitter_misc":{"Escrito por":"RAUL","Tiempo de lectura":"1 minuto"},"schema":{"@context":"https:\/\/schema.org","@graph":[{"@type":"Article","@id":"https:\/\/www.colefillesbalears.com\/web\/2020\/06\/10\/reunio-conselleria-de-salut\/#article","isPartOf":{"@id":"https:\/\/www.colefillesbalears.com\/web\/2020\/06\/10\/reunio-conselleria-de-salut\/"},"author":{"name":"RAUL","@id":"http:\/\/www.colefillesbalears.com\/web\/#\/schema\/person\/67bfa54d8a7a8533be8dac16e810fde7"},"headline":"Reuni\u00f3 Conselleria de Salut","datePublished":"2020-06-10T06:31:23+00:00","dateModified":"2020-06-10T06:31:26+00:00","mainEntityOfPage":{"@id":"https:\/\/www.colefillesbalears.com\/web\/2020\/06\/10\/reunio-conselleria-de-salut\/"},"wordCount":219,"publisher":{"@id":"http:\/\/www.colefillesbalears.com\/web\/#organization"},"articleSection":["Actualitat"],"inLanguage":"es"},{"@type":"WebPage","@id":"https:\/\/www.colefillesbalears.com\/web\/2020\/06\/10\/reunio-conselleria-de-salut\/","url":"https:\/\/www.colefillesbalears.com\/web\/2020\/06\/10\/reunio-conselleria-de-salut\/","name":"Reuni\u00f3 Conselleria de Salut - COLEF Illes Balears","isPartOf":{"@id":"http:\/\/www.colefillesbalears.com\/web\/#website"},"datePublished":"2020-06-10T06:31:23+00:00","dateModified":"2020-06-10T06:31:26+00:00","breadcrumb":{"@id":"https:\/\/www.colefillesbalears.com\/web\/2020\/06\/10\/reunio-conselleria-de-salut\/#breadcrumb"},"inLanguage":"es","potentialAction":[{"@type":"ReadAction","target":["https:\/\/www.colefillesbalears.com\/web\/2020\/06\/10\/reunio-conselleria-de-salut\/"]}]},{"@type":"BreadcrumbList","@id":"https:\/\/www.colefillesbalears.com\/web\/2020\/06\/10\/reunio-conselleria-de-salut\/#breadcrumb","itemListElement":[{"@type":"ListItem","position":1,"name":"Portada","item":"http:\/\/www.colefillesbalears.com\/web\/"},{"@type":"ListItem","position":2,"name":"Reuni\u00f3 Conselleria de Salut"}]},{"@type":"WebSite","@id":"http:\/\/www.colefillesbalears.com\/web\/#website","url":"http:\/\/www.colefillesbalears.com\/web\/","name":"COLEF Illes Balears","description":"","publisher":{"@id":"http:\/\/www.colefillesbalears.com\/web\/#organization"},"potentialAction":[{"@type":"SearchAction","target":{"@type":"EntryPoint","urlTemplate":"http:\/\/www.colefillesbalears.com\/web\/?s={search_term_string}"},"query-input":"required name=search_term_string"}],"inLanguage":"es"},{"@type":"Organization","@id":"http:\/\/www.colefillesbalears.com\/web\/#organization","name":"Col\u00b7legi Oficial de Llicenciats en Ci\u00e8ncies de l'Activitat F\u00edsica i l'Esport de les Illes Balears","url":"http:\/\/www.colefillesbalears.com\/web\/","sameAs":["https:\/\/www.youtube.com\/channel\/UClDRzEzUh03bePGcdVFw1cQ\/featured","https:\/\/www.facebook.com\/colef.illesbalears\/?ref=bookmarks","https:\/\/twitter.com\/COLEFBalears"],"logo":{"@type":"ImageObject","inLanguage":"es","@id":"http:\/\/www.colefillesbalears.com\/web\/#\/schema\/logo\/image\/","url":"http:\/\/www.colefillesbalears.com\/web\/wp-content\/uploads\/2019\/05\/logo-colef-5.png","contentUrl":"http:\/\/www.colefillesbalears.com\/web\/wp-content\/uploads\/2019\/05\/logo-colef-5.png","width":414,"height":175,"caption":"Col\u00b7legi Oficial de Llicenciats en Ci\u00e8ncies de l'Activitat F\u00edsica i l'Esport de les Illes Balears"},"image":{"@id":"http:\/\/www.colefillesbalears.com\/web\/#\/schema\/logo\/image\/"}},{"@type":"Person","@id":"http:\/\/www.colefillesbalears.com\/web\/#\/schema\/person\/67bfa54d8a7a8533be8dac16e810fde7","name":"RAUL","sameAs":["https:\/\/www.facebook.com\/colef.illesbalears\/","https:\/\/twitter.com\/COLEFBalears"]}]}},"_links":{"self":[{"href":"https:\/\/www.colefillesbalears.com\/web\/wp-json\/wp\/v2\/posts\/4864"}],"collection":[{"href":"https:\/\/www.colefillesbalears.com\/web\/wp-json\/wp\/v2\/posts"}],"about":[{"href":"https:\/\/www.colefillesbalears.com\/web\/wp-json\/wp\/v2\/types\/post"}],"author":[{"embeddable":true,"href":"https:\/\/www.colefillesbalears.com\/web\/wp-json\/wp\/v2\/users\/4"}],"replies":[{"embeddable":true,"href":"https:\/\/www.colefillesbalears.com\/web\/wp-json\/wp\/v2\/comments?post=4864"}],"version-history":[{"count":1,"href":"https:\/\/www.colefillesbalears.com\/web\/wp-json\/wp\/v2\/posts\/4864\/revisions"}],"predecessor-version":[{"id":4866,"href":"https:\/\/www.colefillesbalears.com\/web\/wp-json\/wp\/v2\/posts\/4864\/revisions\/4866"}],"wp:attachment":[{"href":"https:\/\/www.colefillesbalears.com\/web\/wp-json\/wp\/v2\/media?parent=4864"}],"wp:term":[{"taxonomy":"category","embeddable":true,"href":"https:\/\/www.colefillesbalears.com\/web\/wp-json\/wp\/v2\/categories?post=4864"},{"taxonomy":"post_tag","embeddable":true,"href":"https:\/\/www.colefillesbalears.com\/web\/wp-json\/wp\/v2\/tags?post=4864"}],"curies":[{"name":"wp","href":"https:\/\/api.w.org\/{rel}","templated":true}]}}