{"id":4783,"date":"2020-05-04T13:43:49","date_gmt":"2020-05-04T13:43:49","guid":{"rendered":"http:\/\/www.colefillesbalears.com\/web\/?p=4783"},"modified":"2020-05-04T13:43:52","modified_gmt":"2020-05-04T13:43:52","slug":"el-colef-illes-balears-tescolta-reunio-online-dimecres-6-05","status":"publish","type":"post","link":"https:\/\/www.colefillesbalears.com\/web\/2020\/05\/04\/el-colef-illes-balears-tescolta-reunio-online-dimecres-6-05\/","title":{"rendered":"El COLEF Illes Balears T&#8217;ESCOLTA!!!: reuni\u00f3 online dimecres 6\/05"},"content":{"rendered":"\n<div class=\"wp-block-image\"><figure class=\"aligncenter size-full\"><img decoding=\"async\" loading=\"lazy\" width=\"960\" height=\"720\" src=\"http:\/\/www.colefillesbalears.com\/web\/wp-content\/uploads\/2020\/05\/WhatsApp-Image-2020-05-04-at-14.44.43.jpeg\" alt=\"\" class=\"wp-image-4784\" srcset=\"https:\/\/www.colefillesbalears.com\/web\/wp-content\/uploads\/2020\/05\/WhatsApp-Image-2020-05-04-at-14.44.43.jpeg 960w, https:\/\/www.colefillesbalears.com\/web\/wp-content\/uploads\/2020\/05\/WhatsApp-Image-2020-05-04-at-14.44.43-768x576.jpeg 768w\" sizes=\"(max-width: 960px) 100vw, 960px\" \/><\/figure><\/div>\n\n\n\n<h4 class=\"wp-block-heading\">ORDRE DEL DIA:&nbsp;<br>&#8211; Accions realitzades del COLEF&nbsp;i CONSEJO COLEF en relaci\u00f3 a la situaci\u00f3 actual del COVD-19 i noves l\u00ednies estrat\u00e8giques.&nbsp;<br>&#8211; Torn de paraules dels col\u2022legiats: &nbsp;Exposar necessitats, consultes, propostes i inquietuds &nbsp;(m\u00e0xim de 3 a 5 minuts)<\/h4>\n\n\n\n<h4 class=\"wp-block-heading\">Esperam la teva&nbsp;participaci\u00f3.<\/h4>\n","protected":false},"excerpt":{"rendered":"<p>ORDRE DEL DIA:&nbsp;&#8211; Accions realitzades del COLEF&nbsp;i CONSEJO COLEF en relaci\u00f3 a la situaci\u00f3 actual del COVD-19 i noves l\u00ednies estrat\u00e8giques.&nbsp;&#8211; Torn de paraules dels col\u2022legiats: &nbsp;Exposar necessitats, consultes, propostes i inquietuds &nbsp;(m\u00e0xim de 3 a 5 minuts) Esperam la teva&nbsp;participaci\u00f3.<\/p>\n","protected":false},"author":4,"featured_media":0,"comment_status":"closed","ping_status":"closed","sticky":false,"template":"","format":"standard","meta":[],"categories":[498],"tags":[],"yoast_head":"<!-- This site is optimized with the Yoast SEO plugin v19.6.1 - https:\/\/yoast.com\/wordpress\/plugins\/seo\/ -->\n<title>El COLEF Illes Balears T&#039;ESCOLTA!!!: reuni\u00f3 online dimecres 6\/05 - COLEF Illes Balears<\/title>\n<meta name=\"robots\" content=\"index, follow, max-snippet:-1, max-image-preview:large, max-video-preview:-1\" \/>\n<link rel=\"canonical\" href=\"https:\/\/www.colefillesbalears.com\/web\/2020\/05\/04\/el-colef-illes-balears-tescolta-reunio-online-dimecres-6-05\/\" \/>\n<meta property=\"og:locale\" content=\"es_ES\" \/>\n<meta property=\"og:type\" content=\"article\" \/>\n<meta property=\"og:title\" content=\"El COLEF Illes Balears T&#039;ESCOLTA!!!: reuni\u00f3 online dimecres 6\/05 - COLEF Illes Balears\" \/>\n<meta property=\"og:description\" content=\"ORDRE DEL DIA:&nbsp;&#8211; Accions realitzades del COLEF&nbsp;i CONSEJO COLEF en relaci\u00f3 a la situaci\u00f3 actual del COVD-19 i noves l\u00ednies estrat\u00e8giques.&nbsp;&#8211; Torn de paraules dels col\u2022legiats: &nbsp;Exposar necessitats, consultes, propostes i inquietuds &nbsp;(m\u00e0xim de 3 a 5 minuts) Esperam la teva&nbsp;participaci\u00f3.\" \/>\n<meta property=\"og:url\" content=\"https:\/\/www.colefillesbalears.com\/web\/2020\/05\/04\/el-colef-illes-balears-tescolta-reunio-online-dimecres-6-05\/\" \/>\n<meta property=\"og:site_name\" content=\"COLEF Illes Balears\" \/>\n<meta property=\"article:publisher\" content=\"https:\/\/www.facebook.com\/colef.illesbalears\/?ref=bookmarks\" \/>\n<meta property=\"article:author\" content=\"https:\/\/www.facebook.com\/colef.illesbalears\/\" \/>\n<meta property=\"article:published_time\" content=\"2020-05-04T13:43:49+00:00\" \/>\n<meta property=\"article:modified_time\" content=\"2020-05-04T13:43:52+00:00\" \/>\n<meta property=\"og:image\" content=\"http:\/\/www.colefillesbalears.com\/web\/wp-content\/uploads\/2020\/05\/WhatsApp-Image-2020-05-04-at-14.44.43.jpeg\" \/>\n<meta name=\"author\" content=\"RAUL\" \/>\n<meta name=\"twitter:card\" content=\"summary_large_image\" \/>\n<meta name=\"twitter:creator\" content=\"@COLEFBalears\" \/>\n<meta name=\"twitter:site\" content=\"@COLEFBalears\" \/>\n<meta name=\"twitter:label1\" content=\"Escrito por\" \/>\n\t<meta name=\"twitter:data1\" content=\"RAUL\" \/>\n<script type=\"application\/ld+json\" class=\"yoast-schema-graph\">{\"@context\":\"https:\/\/schema.org\",\"@graph\":[{\"@type\":\"Article\",\"@id\":\"https:\/\/www.colefillesbalears.com\/web\/2020\/05\/04\/el-colef-illes-balears-tescolta-reunio-online-dimecres-6-05\/#article\",\"isPartOf\":{\"@id\":\"https:\/\/www.colefillesbalears.com\/web\/2020\/05\/04\/el-colef-illes-balears-tescolta-reunio-online-dimecres-6-05\/\"},\"author\":{\"name\":\"RAUL\",\"@id\":\"http:\/\/www.colefillesbalears.com\/web\/#\/schema\/person\/67bfa54d8a7a8533be8dac16e810fde7\"},\"headline\":\"El COLEF Illes Balears T&#8217;ESCOLTA!!!: reuni\u00f3 online dimecres 6\/05\",\"datePublished\":\"2020-05-04T13:43:49+00:00\",\"dateModified\":\"2020-05-04T13:43:52+00:00\",\"mainEntityOfPage\":{\"@id\":\"https:\/\/www.colefillesbalears.com\/web\/2020\/05\/04\/el-colef-illes-balears-tescolta-reunio-online-dimecres-6-05\/\"},\"wordCount\":61,\"publisher\":{\"@id\":\"http:\/\/www.colefillesbalears.com\/web\/#organization\"},\"articleSection\":[\"Actualitat\"],\"inLanguage\":\"es\"},{\"@type\":\"WebPage\",\"@id\":\"https:\/\/www.colefillesbalears.com\/web\/2020\/05\/04\/el-colef-illes-balears-tescolta-reunio-online-dimecres-6-05\/\",\"url\":\"https:\/\/www.colefillesbalears.com\/web\/2020\/05\/04\/el-colef-illes-balears-tescolta-reunio-online-dimecres-6-05\/\",\"name\":\"El COLEF Illes Balears T'ESCOLTA!!!: reuni\u00f3 online dimecres 6\/05 - COLEF Illes Balears\",\"isPartOf\":{\"@id\":\"http:\/\/www.colefillesbalears.com\/web\/#website\"},\"datePublished\":\"2020-05-04T13:43:49+00:00\",\"dateModified\":\"2020-05-04T13:43:52+00:00\",\"breadcrumb\":{\"@id\":\"https:\/\/www.colefillesbalears.com\/web\/2020\/05\/04\/el-colef-illes-balears-tescolta-reunio-online-dimecres-6-05\/#breadcrumb\"},\"inLanguage\":\"es\",\"potentialAction\":[{\"@type\":\"ReadAction\",\"target\":[\"https:\/\/www.colefillesbalears.com\/web\/2020\/05\/04\/el-colef-illes-balears-tescolta-reunio-online-dimecres-6-05\/\"]}]},{\"@type\":\"BreadcrumbList\",\"@id\":\"https:\/\/www.colefillesbalears.com\/web\/2020\/05\/04\/el-colef-illes-balears-tescolta-reunio-online-dimecres-6-05\/#breadcrumb\",\"itemListElement\":[{\"@type\":\"ListItem\",\"position\":1,\"name\":\"Portada\",\"item\":\"http:\/\/www.colefillesbalears.com\/web\/\"},{\"@type\":\"ListItem\",\"position\":2,\"name\":\"El COLEF Illes Balears T&#8217;ESCOLTA!!!: reuni\u00f3 online dimecres 6\/05\"}]},{\"@type\":\"WebSite\",\"@id\":\"http:\/\/www.colefillesbalears.com\/web\/#website\",\"url\":\"http:\/\/www.colefillesbalears.com\/web\/\",\"name\":\"COLEF Illes Balears\",\"description\":\"\",\"publisher\":{\"@id\":\"http:\/\/www.colefillesbalears.com\/web\/#organization\"},\"potentialAction\":[{\"@type\":\"SearchAction\",\"target\":{\"@type\":\"EntryPoint\",\"urlTemplate\":\"http:\/\/www.colefillesbalears.com\/web\/?s={search_term_string}\"},\"query-input\":\"required name=search_term_string\"}],\"inLanguage\":\"es\"},{\"@type\":\"Organization\",\"@id\":\"http:\/\/www.colefillesbalears.com\/web\/#organization\",\"name\":\"Col\u00b7legi Oficial de Llicenciats en Ci\u00e8ncies de l'Activitat F\u00edsica i l'Esport de les Illes Balears\",\"url\":\"http:\/\/www.colefillesbalears.com\/web\/\",\"sameAs\":[\"https:\/\/www.youtube.com\/channel\/UClDRzEzUh03bePGcdVFw1cQ\/featured\",\"https:\/\/www.facebook.com\/colef.illesbalears\/?ref=bookmarks\",\"https:\/\/twitter.com\/COLEFBalears\"],\"logo\":{\"@type\":\"ImageObject\",\"inLanguage\":\"es\",\"@id\":\"http:\/\/www.colefillesbalears.com\/web\/#\/schema\/logo\/image\/\",\"url\":\"http:\/\/www.colefillesbalears.com\/web\/wp-content\/uploads\/2019\/05\/logo-colef-5.png\",\"contentUrl\":\"http:\/\/www.colefillesbalears.com\/web\/wp-content\/uploads\/2019\/05\/logo-colef-5.png\",\"width\":414,\"height\":175,\"caption\":\"Col\u00b7legi Oficial de Llicenciats en Ci\u00e8ncies de l'Activitat F\u00edsica i l'Esport de les Illes Balears\"},\"image\":{\"@id\":\"http:\/\/www.colefillesbalears.com\/web\/#\/schema\/logo\/image\/\"}},{\"@type\":\"Person\",\"@id\":\"http:\/\/www.colefillesbalears.com\/web\/#\/schema\/person\/67bfa54d8a7a8533be8dac16e810fde7\",\"name\":\"RAUL\",\"sameAs\":[\"https:\/\/www.facebook.com\/colef.illesbalears\/\",\"https:\/\/twitter.com\/COLEFBalears\"]}]}<\/script>\n<!-- \/ Yoast SEO plugin. -->","yoast_head_json":{"title":"El COLEF Illes Balears T'ESCOLTA!!!: reuni\u00f3 online dimecres 6\/05 - COLEF Illes Balears","robots":{"index":"index","follow":"follow","max-snippet":"max-snippet:-1","max-image-preview":"max-image-preview:large","max-video-preview":"max-video-preview:-1"},"canonical":"https:\/\/www.colefillesbalears.com\/web\/2020\/05\/04\/el-colef-illes-balears-tescolta-reunio-online-dimecres-6-05\/","og_locale":"es_ES","og_type":"article","og_title":"El COLEF Illes Balears T'ESCOLTA!!!: reuni\u00f3 online dimecres 6\/05 - COLEF Illes Balears","og_description":"ORDRE DEL DIA:&nbsp;&#8211; Accions realitzades del COLEF&nbsp;i CONSEJO COLEF en relaci\u00f3 a la situaci\u00f3 actual del COVD-19 i noves l\u00ednies estrat\u00e8giques.&nbsp;&#8211; Torn de paraules dels col\u2022legiats: &nbsp;Exposar necessitats, consultes, propostes i inquietuds &nbsp;(m\u00e0xim de 3 a 5 minuts) Esperam la teva&nbsp;participaci\u00f3.","og_url":"https:\/\/www.colefillesbalears.com\/web\/2020\/05\/04\/el-colef-illes-balears-tescolta-reunio-online-dimecres-6-05\/","og_site_name":"COLEF Illes Balears","article_publisher":"https:\/\/www.facebook.com\/colef.illesbalears\/?ref=bookmarks","article_author":"https:\/\/www.facebook.com\/colef.illesbalears\/","article_published_time":"2020-05-04T13:43:49+00:00","article_modified_time":"2020-05-04T13:43:52+00:00","og_image":[{"url":"http:\/\/www.colefillesbalears.com\/web\/wp-content\/uploads\/2020\/05\/WhatsApp-Image-2020-05-04-at-14.44.43.jpeg"}],"author":"RAUL","twitter_card":"summary_large_image","twitter_creator":"@COLEFBalears","twitter_site":"@COLEFBalears","twitter_misc":{"Escrito por":"RAUL"},"schema":{"@context":"https:\/\/schema.org","@graph":[{"@type":"Article","@id":"https:\/\/www.colefillesbalears.com\/web\/2020\/05\/04\/el-colef-illes-balears-tescolta-reunio-online-dimecres-6-05\/#article","isPartOf":{"@id":"https:\/\/www.colefillesbalears.com\/web\/2020\/05\/04\/el-colef-illes-balears-tescolta-reunio-online-dimecres-6-05\/"},"author":{"name":"RAUL","@id":"http:\/\/www.colefillesbalears.com\/web\/#\/schema\/person\/67bfa54d8a7a8533be8dac16e810fde7"},"headline":"El COLEF Illes Balears T&#8217;ESCOLTA!!!: reuni\u00f3 online dimecres 6\/05","datePublished":"2020-05-04T13:43:49+00:00","dateModified":"2020-05-04T13:43:52+00:00","mainEntityOfPage":{"@id":"https:\/\/www.colefillesbalears.com\/web\/2020\/05\/04\/el-colef-illes-balears-tescolta-reunio-online-dimecres-6-05\/"},"wordCount":61,"publisher":{"@id":"http:\/\/www.colefillesbalears.com\/web\/#organization"},"articleSection":["Actualitat"],"inLanguage":"es"},{"@type":"WebPage","@id":"https:\/\/www.colefillesbalears.com\/web\/2020\/05\/04\/el-colef-illes-balears-tescolta-reunio-online-dimecres-6-05\/","url":"https:\/\/www.colefillesbalears.com\/web\/2020\/05\/04\/el-colef-illes-balears-tescolta-reunio-online-dimecres-6-05\/","name":"El COLEF Illes Balears T'ESCOLTA!!!: reuni\u00f3 online dimecres 6\/05 - COLEF Illes Balears","isPartOf":{"@id":"http:\/\/www.colefillesbalears.com\/web\/#website"},"datePublished":"2020-05-04T13:43:49+00:00","dateModified":"2020-05-04T13:43:52+00:00","breadcrumb":{"@id":"https:\/\/www.colefillesbalears.com\/web\/2020\/05\/04\/el-colef-illes-balears-tescolta-reunio-online-dimecres-6-05\/#breadcrumb"},"inLanguage":"es","potentialAction":[{"@type":"ReadAction","target":["https:\/\/www.colefillesbalears.com\/web\/2020\/05\/04\/el-colef-illes-balears-tescolta-reunio-online-dimecres-6-05\/"]}]},{"@type":"BreadcrumbList","@id":"https:\/\/www.colefillesbalears.com\/web\/2020\/05\/04\/el-colef-illes-balears-tescolta-reunio-online-dimecres-6-05\/#breadcrumb","itemListElement":[{"@type":"ListItem","position":1,"name":"Portada","item":"http:\/\/www.colefillesbalears.com\/web\/"},{"@type":"ListItem","position":2,"name":"El COLEF Illes Balears T&#8217;ESCOLTA!!!: reuni\u00f3 online dimecres 6\/05"}]},{"@type":"WebSite","@id":"http:\/\/www.colefillesbalears.com\/web\/#website","url":"http:\/\/www.colefillesbalears.com\/web\/","name":"COLEF Illes Balears","description":"","publisher":{"@id":"http:\/\/www.colefillesbalears.com\/web\/#organization"},"potentialAction":[{"@type":"SearchAction","target":{"@type":"EntryPoint","urlTemplate":"http:\/\/www.colefillesbalears.com\/web\/?s={search_term_string}"},"query-input":"required name=search_term_string"}],"inLanguage":"es"},{"@type":"Organization","@id":"http:\/\/www.colefillesbalears.com\/web\/#organization","name":"Col\u00b7legi Oficial de Llicenciats en Ci\u00e8ncies de l'Activitat F\u00edsica i l'Esport de les Illes Balears","url":"http:\/\/www.colefillesbalears.com\/web\/","sameAs":["https:\/\/www.youtube.com\/channel\/UClDRzEzUh03bePGcdVFw1cQ\/featured","https:\/\/www.facebook.com\/colef.illesbalears\/?ref=bookmarks","https:\/\/twitter.com\/COLEFBalears"],"logo":{"@type":"ImageObject","inLanguage":"es","@id":"http:\/\/www.colefillesbalears.com\/web\/#\/schema\/logo\/image\/","url":"http:\/\/www.colefillesbalears.com\/web\/wp-content\/uploads\/2019\/05\/logo-colef-5.png","contentUrl":"http:\/\/www.colefillesbalears.com\/web\/wp-content\/uploads\/2019\/05\/logo-colef-5.png","width":414,"height":175,"caption":"Col\u00b7legi Oficial de Llicenciats en Ci\u00e8ncies de l'Activitat F\u00edsica i l'Esport de les Illes Balears"},"image":{"@id":"http:\/\/www.colefillesbalears.com\/web\/#\/schema\/logo\/image\/"}},{"@type":"Person","@id":"http:\/\/www.colefillesbalears.com\/web\/#\/schema\/person\/67bfa54d8a7a8533be8dac16e810fde7","name":"RAUL","sameAs":["https:\/\/www.facebook.com\/colef.illesbalears\/","https:\/\/twitter.com\/COLEFBalears"]}]}},"_links":{"self":[{"href":"https:\/\/www.colefillesbalears.com\/web\/wp-json\/wp\/v2\/posts\/4783"}],"collection":[{"href":"https:\/\/www.colefillesbalears.com\/web\/wp-json\/wp\/v2\/posts"}],"about":[{"href":"https:\/\/www.colefillesbalears.com\/web\/wp-json\/wp\/v2\/types\/post"}],"author":[{"embeddable":true,"href":"https:\/\/www.colefillesbalears.com\/web\/wp-json\/wp\/v2\/users\/4"}],"replies":[{"embeddable":true,"href":"https:\/\/www.colefillesbalears.com\/web\/wp-json\/wp\/v2\/comments?post=4783"}],"version-history":[{"count":3,"href":"https:\/\/www.colefillesbalears.com\/web\/wp-json\/wp\/v2\/posts\/4783\/revisions"}],"predecessor-version":[{"id":4787,"href":"https:\/\/www.colefillesbalears.com\/web\/wp-json\/wp\/v2\/posts\/4783\/revisions\/4787"}],"wp:attachment":[{"href":"https:\/\/www.colefillesbalears.com\/web\/wp-json\/wp\/v2\/media?parent=4783"}],"wp:term":[{"taxonomy":"category","embeddable":true,"href":"https:\/\/www.colefillesbalears.com\/web\/wp-json\/wp\/v2\/categories?post=4783"},{"taxonomy":"post_tag","embeddable":true,"href":"https:\/\/www.colefillesbalears.com\/web\/wp-json\/wp\/v2\/tags?post=4783"}],"curies":[{"name":"wp","href":"https:\/\/api.w.org\/{rel}","templated":true}]}}