{"id":4763,"date":"2022-03-22T00:00:00","date_gmt":"2022-03-22T00:00:00","guid":{"rendered":"http:\/\/www.colefillesbalears.com\/web\/?p=4763"},"modified":"2023-12-03T15:57:08","modified_gmt":"2023-12-03T15:57:08","slug":"covid-19-informacio-reactivacio-sector-esportiu","status":"publish","type":"post","link":"https:\/\/www.colefillesbalears.com\/web\/2022\/03\/22\/covid-19-informacio-reactivacio-sector-esportiu\/","title":{"rendered":"COVID-19: informaci\u00f3 reactivaci\u00f3 sector esportiu"},"content":{"rendered":"\n<p>20\/04\/2022: <a href=\"https:\/\/www.boe.es\/diario_boe\/txt.php?id=BOE-A-2022-6449\">Real Decreto 286\/2022, de 19 de abril, por el que se modifica la obligatoriedad del uso de mascarillas durante la situaci\u00f3n de crisis sanitaria ocasionada por la COVID-19.<\/a><\/p>\n\n\n\n<p>10\/03\/2022: <a aria-label=\"undefined (abre en una nueva pesta\u00f1a)\" href=\"https:\/\/intranet.caib.es\/eboibfront\/ca\/2022\/11537\/658575\/resolucio-conjunta-del-conseller-d-educacio-i-form\" target=\"_blank\" rel=\"noreferrer noopener\">Resoluci\u00f3 conjunta del conseller d\u2019Educaci\u00f3 i Formaci\u00f3 Professional i de la consellera de Salut i Consum de 8 de mar\u00e7 de 2022 per la qual s\u2019aproven les mesures de prevenci\u00f3 per fer front a la COVID-19 per a la resta del curs 2021-2022 i es deixa sense efectes la Resoluci\u00f3 conjunta de 4 de juny de 2021 per la qual s\u2019aproven les mesures excepcionals de prevenci\u00f3, contenci\u00f3, coordinaci\u00f3, organitzaci\u00f3 i funcionament per fer front a la crisi sanit\u00e0ria ocasionada per la COVID-19 per als centres educatius no universitaris de la comunitat aut\u00f2noma de les Illes Balears durant el curs 2021-2022 i les seves modificacions posteriors de 10 de setembre i d\u20191 d\u2019octubre de 2021<\/a><\/p>\n\n\n\n<p>10\/03\/2022: Nota informativa. <a aria-label=\"undefined (abre en una nueva pesta\u00f1a)\" href=\"http:\/\/www.caib.es\/govern\/sac\/fitxa.do?codi=5141882&amp;lang=ca&amp;coduo=7\" target=\"_blank\" rel=\"noreferrer noopener\">Les mesures enfront de la COVID-19 als centres educatius seran les mateixes que per a la poblaci\u00f3 general<\/a><\/p>\n\n\n\n<p>07\/03\/2022: RECORDATORI IMPORTANT: En relaci\u00f3 a la darrera normativa \u00abCOVID\u00bb publicada, i pel que fa a les sales de musculaci\u00f3 i sales d&#8217;activitats dirigides, aclarir que l&#8217;\u00fas de la mascareta \u00e9s recomenable i, en tot cas,&nbsp;<strong>\u00e9s obligatori<\/strong>&nbsp;sempre que no es pugui mantenir la dist\u00e0ncia de seguretat d&#8217;un metre i mig.<\/p>\n\n\n\n<p>03\/03\/2022: <a href=\"https:\/\/drive.google.com\/file\/d\/1HCe5tcqeMDmp2vANsUoI4el-kPxkK11a\/view?usp=sharing\" target=\"_blank\" aria-label=\"undefined (abre en una nueva pesta\u00f1a)\" rel=\"noreferrer noopener\">FAQS XXXIV Mallorca, Eivissa, Menorca i Formentera<\/a><\/p>\n\n\n\n<p>03\/03\/2022: <a aria-label=\"undefined (abre en una nueva pesta\u00f1a)\" href=\"https:\/\/intranet.caib.es\/eboibfront\/ca\/2022\/11533\/658332\/acord-del-consell-de-govern-de-28-de-febrer-de-202\" target=\"_blank\" rel=\"noreferrer noopener\">Acord del Consell de Govern de 28 de febrer de 2022 pel qual s\u2019estableix el Pla de Mesures Front a la COVID-19<\/a><\/p>\n\n\n\n<p>14\/02\/2022: <a aria-label=\"undefined (abre en una nueva pesta\u00f1a)\" href=\"https:\/\/intranet.caib.es\/eboibfront\/ca\/2022\/11528\/657874\/acord-del-consell-de-govern-de-14-de-febrer-de-202\" target=\"_blank\" rel=\"noreferrer noopener\">Acord del Consell de Govern de 14 de febrer de 2022 pel qual s\u2019estableixen els nivells d\u2019alerta sanit\u00e0ria que s\u2019han d\u2019aplicar en cada una de les illes, es modifica el Pla de Mesures de Prevenci\u00f3, Contenci\u00f3 i Coordinaci\u00f3 Front a la COVID-19 i s\u2019aprova un nou Pla Espec\u00edfic de Mesures de Prevenci\u00f3 i Contenci\u00f3 de la COVID-19 en els Serveis Socials, aprovats per l\u2019Acord del Consell de Govern de 25 d\u2019octubre de 2021<\/a><\/p>\n\n\n\n<p>12\/02\/2022: <a aria-label=\"undefined (abre en una nueva pesta\u00f1a)\" href=\"https:\/\/drive.google.com\/file\/d\/1q1dTqoI9o8-EcXLXDefvx8COpTKBNnj4\/view?usp=sharing\" target=\"_blank\" rel=\"noreferrer noopener\">FAQS XXXIII Mallorca, Eivissa, Menorca i Formentera<\/a><\/p>\n\n\n\n<p>12\/02\/2022: <a aria-label=\"undefined (abre en una nueva pesta\u00f1a)\" href=\"https:\/\/intranet.caib.es\/eboibfront\/ca\/2022\/11524\/657838\/acord-del-consell-de-govern-d-11-de-febrer-de-2022\" target=\"_blank\" rel=\"noreferrer noopener\">Acord del Consell de Govern d\u201911 de febrer de 2022 pel qual es deixen sense efecte les mesures temporals i excepcionals en l\u2019\u00e0mbit de l\u2019activitat de determinats establiments en funci\u00f3 del nivell d\u2019alerta sanit\u00e0ria de l\u2019illa on estiguin radicats establertes per l\u2019Acord del Consell de Govern de 29 de novembre de 2021 i les pr\u00f2rrogues successives i es modifica l\u2019Acord del Consell de Govern de 20 de setembre de 2021 pel qual s\u2019estableixen condicions excepcionals en el r\u00e8gim de visites i sortides en els serveis socials de tipus residencial, habitatges supervisats per a gent gran, persones en situaci\u00f3 de depend\u00e8ncia i persones amb discapacitat<\/a><\/p>\n\n\n\n<p>22\/01\/2022: <a aria-label=\"undefined (abre en una nueva pesta\u00f1a)\" href=\"https:\/\/drive.google.com\/file\/d\/1s6QuHqYae8Rlhf_nmbsXG0Xl62-Cj4ru\/view?usp=sharing\" target=\"_blank\" rel=\"noreferrer noopener\">FAQS XXXII Mallorca, Eivissa, Menorca i Formentera<\/a><\/p>\n\n\n\n<p>22\/01\/2022: <a href=\"https:\/\/intranet.caib.es\/eboibfront\/ca\/2022\/11514\/657193\/acord-del-consell-de-govern-de-17-de-gener-de-2022\" target=\"_blank\" aria-label=\"undefined (abre en una nueva pesta\u00f1a)\" rel=\"noreferrer noopener\">Acord del Consell de Govern de 17 de gener de 2022 pel qual s\u2019estableixen mesures temporals i excepcionals en l\u2019\u00e0mbit de l\u2019activitat de determinats establiments en funci\u00f3 del nivell d\u2019alerta sanit\u00e0ria de l\u2019illa on estiguin radicats com a mesures temporals i excepcionals per ra\u00f3 de salut p\u00fablica per a la contenci\u00f3 de la COVID-19<\/a><\/p>\n\n\n\n<p>10\/01\/2022: <a href=\"https:\/\/drive.google.com\/file\/d\/13WrThZoJt075MZZ2mulGMn9hh5xm4R-I\/view?usp=sharing\" target=\"_blank\" aria-label=\"undefined (abre en una nueva pesta\u00f1a)\" rel=\"noreferrer noopener\">FAQS XXXI Mallorca, Eivissa, Menorca y Formentera<\/a><\/p>\n\n\n\n<p>10\/01\/2022: <a aria-label=\"undefined (abre en una nueva pesta\u00f1a)\" href=\"https:\/\/intranet.caib.es\/eboibfront\/ca\/2022\/11509\/656909\/acord-del-consell-de-govern-de-10-de-gener-de-2022\" target=\"_blank\" rel=\"noreferrer noopener\">Acord del Consell de Govern de 10 de gener de 2022 pel qual s\u2019estableixen els nivells d\u2019alerta sanit\u00e0ria que s\u2019han d\u2019aplicar en cada una de les illes<\/a><\/p>\n\n\n\n<p>01\/01\/2022. <a aria-label=\"undefined (abre en una nueva pesta\u00f1a)\" href=\"https:\/\/intranet.caib.es\/eboibfront\/ca\/2022\/11503\/656816\/resolucio-de-la-consellera-de-salut-i-consum-de-30\" target=\"_blank\" rel=\"noreferrer noopener\">Resoluci\u00f3 de la consellera de Salut i Consum de 30 de desembre de 2021 per la qual s\u2019estableixen criteris d\u2019aplicaci\u00f3 de l\u2019Acord del Consell de Govern de 29 de novembre de 2021, pel qual s\u2019estableixen mesures temporals i excepcionals en l\u2019\u00e0mbit de l\u2019activitat de determinats establiments en funci\u00f3 del nivell d\u2019alerta sanit\u00e0ria de l\u2019illa on estiguin radicats, com a mesures temporals i excepcionals per ra\u00f3 de salut p\u00fablica per a la contenci\u00f3 de la COVID-19, modificat per l\u2019Acord del Consell de Govern de 23 de desembre de 2021.<\/a><\/p>\n\n\n\n<p>01\/01\/2022: <a href=\"https:\/\/drive.google.com\/file\/d\/1uz6VKeOj4DHFYtoPj-NORz2jDqPkGj9i\/view?usp=sharing\" target=\"_blank\" aria-label=\"undefined (abre en una nueva pesta\u00f1a)\" rel=\"noreferrer noopener\">FAQS XXX Mallorca, Eivissa i Menorca<\/a><\/p>\n\n\n\n<p>01\/01\/2022: <a href=\"https:\/\/drive.google.com\/file\/d\/1lAVSGO4u22fDJDOTOgD2Q8AnxNkAjuRe\/view?usp=sharing\" target=\"_blank\" aria-label=\"undefined (abre en una nueva pesta\u00f1a)\" rel=\"noreferrer noopener\">FAQS XXX Formentera<\/a><\/p>\n\n\n\n<p>29\/12\/2021: <a aria-label=\"undefined (abre en una nueva pesta\u00f1a)\" href=\"https:\/\/drive.google.com\/file\/d\/1j4mbMn7Yz4iph3Tyaf7LBWncZQmGnPAi\/view?usp=sharing\" target=\"_blank\" rel=\"noreferrer noopener\">FAQS XXIX Mallorca, Eivissa i Menorca<\/a><\/p>\n\n\n\n<p>29\/12\/2021: <a href=\"https:\/\/drive.google.com\/file\/d\/1JZeZY-8T2G66qIEN-PrJB-tsx58Dfr5d\/view?usp=sharing\" target=\"_blank\" aria-label=\"undefined (abre en una nueva pesta\u00f1a)\" rel=\"noreferrer noopener\">FAQS XXIX Formentera<\/a><\/p>\n\n\n\n<p>29\/12\/2021: <a aria-label=\"undefined (abre en una nueva pesta\u00f1a)\" href=\"https:\/\/intranet.caib.es\/eboibfront\/ca\/2021\/11502\/656745\/acord-del-consell-de-govern-de-23-de-desembre-de-2\" target=\"_blank\" rel=\"noreferrer noopener\">Acord del Consell de Govern de 23 de desembre de 2021 pel qual es modifiquen les mesures temporals i excepcionals en l\u2019\u00e0mbit de l\u2019activitat de determinats establiments en funci\u00f3 del nivell d\u2019alerta sanit\u00e0ria de l\u2019illa on estiguin radicats, com a mesures temporals i excepcionals per ra\u00f3 de salut p\u00fablica per a la contenci\u00f3 de la COVID-19, aprovades per Acord del Consell de Govern de 29 de novembre de 2021<\/a><\/p>\n\n\n\n<p>24\/12\/2021: <a href=\"https:\/\/intranet.caib.es\/eboibfront\/ca\/2021\/11501\/656614\/acord-del-consell-de-govern-de-23-de-desembre-de-2\" target=\"_blank\" aria-label=\"undefined (abre en una nueva pesta\u00f1a)\" rel=\"noreferrer noopener\">Acord del Consell de Govern de 23 de desembre de 2021 pel qual s\u2019estableixen els nivells d\u2019alerta sanit\u00e0ria que s\u2019han d\u2019aplicar en cada una de les illes i es modifica puntualment el Pla de Mesures de Prevenci\u00f3, Contenci\u00f3 i Coordinaci\u00f3 Front a la COVID-19, aprovat per l\u2019Acord del Consell de Govern de 25 d\u2019octubre de 2021<\/a><\/p>\n\n\n\n<p>23\/12\/2021: <a href=\"https:\/\/www.boe.es\/boe\/dias\/2021\/12\/23\/pdfs\/BOE-A-2021-21307.pdf\" target=\"_blank\" aria-label=\"undefined (abre en una nueva pesta\u00f1a)\" rel=\"noreferrer noopener\">Real Decreto-ley 30\/2021, de 23 de diciembre, por el que se adoptan medidas urgentes de prevenci\u00f3n y contenci\u00f3n para hacer frente a la crisis sanitaria ocasionada por la COVID-19.<\/a><\/p>\n\n\n\n<p>23\/12\/2021: <strong>Recordatori<\/strong> <a aria-label=\"undefined (abre en una nueva pesta\u00f1a)\" href=\"https:\/\/intranet.caib.es\/eboibfront\/ca\/2021\/11489\/655916\/acord-del-consell-de-govern-de-29-de-novembre-de-2\" target=\"_blank\" rel=\"noreferrer noopener\">Acord del Consell de Govern de 29 de novembre de 2021 pel qual s\u2019estableixen mesures temporals i excepcionals en l\u2019\u00e0mbit de l\u2019activitat de determinats establiments en funci\u00f3 del nivell d\u2019alerta sanit\u00e0ria de l\u2019illa on estiguin radicats com a mesures temporals i excepcionals per ra\u00f3 de salut p\u00fablica per a la contenci\u00f3 de la COVID-19<strong>&nbsp;<\/strong>que segueix vigent.<\/a><\/p>\n\n\n\n<p><strong>Segons la normativa actual,&nbsp;<\/strong>quan les illes on radiquin es trobin en nivell d&#8217;alerta sanit\u00e0ria 3 o superior les certificacions s\u00f3n exigibles a:&nbsp;<\/p>\n\n\n\n<p><strong>a) Gimnasos i altres instal\u00b7lacions on es duguin a terme activitats pr\u00f2pies de sales de musculaci\u00f3 i sales d&#8217;activitats dirigides&nbsp;<\/strong><\/p>\n\n\n\n<p><strong>&nbsp;b) Acad\u00e8mies de ball&nbsp;<\/strong><\/p>\n\n\n\n<p><strong>Verificador de Credencials COVID,&nbsp;<\/strong>aquesta aplicaci\u00f3 permet la verificaci\u00f3 dels certificats COVID emesos pels Estats membres de la UE i tamb\u00e9 els certificats emesos pel Regne Unit en el mateix format que el Certificat COVID digital de la UE: <a href=\"https:\/\/verificacovid.ibsalut.es\/\">https:\/\/verificacovid.ibsalut.es\/<\/a><\/p>\n\n\n\n<p>21\/12\/2021: <strong>Recordatori  <\/strong><a aria-label=\"undefined (abre en una nueva pesta\u00f1a)\" href=\"https:\/\/drive.google.com\/file\/d\/1NedQXPtPgCBe41pXph1MWVLgJvBWKFoK\/view?usp=sharing\" target=\"_blank\" rel=\"noreferrer noopener\">PROTOCOL ESPORT-COVID<br>Mesures per a la detecci\u00f3 i el control dels<br>contactes estrets en l\u2019\u00e0mbit esportiu. Maig2021<\/a><\/p>\n\n\n\n<p>14\/12\/2021: <a href=\"https:\/\/intranet.caib.es\/eboibfront\/ca\/2021\/11493\/656146\/acord-del-consell-de-govern-de-13-de-desembre-de-2\" target=\"_blank\" aria-label=\"undefined (abre en una nueva pesta\u00f1a)\" rel=\"noreferrer noopener\">Acord del Consell de Govern de 13 de desembre de 2021 pel qual s\u2019estableixen els nivells d\u2019alerta sanit\u00e0ria que s\u2019han d\u2019aplicar en cada una de les illes i es modifica puntualment el Pla de Mesures de Prevenci\u00f3, Contenci\u00f3 i Coordinaci\u00f3 Front a la COVID-19, aprovat per l\u2019Acord del Consell de Govern de 25 d\u2019octubre de 2021<\/a><\/p>\n\n\n\n<p>04\/12\/2021: <a aria-label=\"undefined (abre en una nueva pesta\u00f1a)\" href=\"https:\/\/intranet.caib.es\/eboibfront\/ca\/2021\/11489\/655916\/acord-del-consell-de-govern-de-29-de-novembre-de-2\" target=\"_blank\" rel=\"noreferrer noopener\">Acord del Consell de Govern de 29 de novembre de 2021 pel qual s\u2019estableixen mesures temporals i excepcionals en l\u2019\u00e0mbit de l\u2019activitat de determinats establiments en funci\u00f3 del nivell d\u2019alerta sanit\u00e0ria de l\u2019illa on estiguin radicats com a mesures temporals i excepcionals per ra\u00f3 de salut p\u00fablica per a la contenci\u00f3 de la COVID-19<\/a><\/p>\n\n\n\n<p>04\/12\/2021: <a aria-label=\"undefined (abre en una nueva pesta\u00f1a)\" href=\"https:\/\/intranet.caib.es\/eboibfront\/ca\/2021\/11489\/655967\/acord-del-consell-de-govern-de-3-de-desembre-de-20\" target=\"_blank\" rel=\"noreferrer noopener\">Acord del Consell de Govern de 3 de desembre de 2021 pel qual s\u2019estableixen els nivells d\u2019alerta sanit\u00e0ria que s\u2019han d\u2019aplicar en cada una de les illes i es modifica puntualment el Pla de Mesures de Prevenci\u00f3, Contenci\u00f3 i Coordinaci\u00f3 Front a la COVID-19, aprovat per l\u2019Acord del Consell de Govern de 25 d\u2019octubre de 2021<\/a><\/p>\n\n\n\n<p>04\/12\/2021: <a href=\"https:\/\/drive.google.com\/file\/d\/10mrmbISz1J05EeO6NjG3us-ku1X2ygso\/view?usp=drivesdk\" target=\"_blank\" aria-label=\"undefined (abre en una nueva pesta\u00f1a)\" rel=\"noreferrer noopener\">FAQS XXVIII Mallorca, Eivissa i Fomentera<\/a><\/p>\n\n\n\n<p>04\/12\/2021: <a href=\"https:\/\/drive.google.com\/file\/d\/1saa_dUkjjU6qQxFpLZ7LCdjcGyPP4xwM\/view?usp=drivesdk\" target=\"_blank\" aria-label=\"undefined (abre en una nueva pesta\u00f1a)\" rel=\"noreferrer noopener\">FAQS XXVIII Menorca<\/a><\/p>\n\n\n\n<p>23\/11\/2021: <a aria-label=\"undefined (abre en una nueva pesta\u00f1a)\" href=\"https:\/\/intranet.caib.es\/eboibfront\/ca\/2021\/11483\/655507\/acord-del-consell-de-govern-de-22-de-novembre-de-2\" target=\"_blank\" rel=\"noreferrer noopener\">Acord del Consell de Govern de 22 de novembre de 2021 pel qual s\u2019estableixen els nivells d\u2019alerta sanit\u00e0ria que s\u2019han d\u2019aplicar en cada una de les illes<\/a><\/p>\n\n\n\n<p>23\/11\/2021: <a href=\"https:\/\/drive.google.com\/file\/d\/1K_DmOBfy1KLwp4z0ZfM0xBemBwbobLJk\/view?usp=sharing\" target=\"_blank\" aria-label=\"undefined (abre en una nueva pesta\u00f1a)\" rel=\"noreferrer noopener\">FAQS XXVII Mallorca, Menorca, Eivissa i Formentera<\/a><\/p>\n\n\n\n<p>26\/10\/2021: <a aria-label=\"undefined (abre en una nueva pesta\u00f1a)\" href=\"https:\/\/www.caib.es\/eboibfront\/ca\/2021\/11468\/654567\/acord-del-consell-de-govern-de-25-d-octubre-de-202\" target=\"_blank\" rel=\"noreferrer noopener\">Acord del Consell de Govern de 25 d\u2019octubre de 2021 pel qual s\u2019aproven el Pla de Mesures de Prevenci\u00f3, Contenci\u00f3 i Coordinaci\u00f3 Front a la COVID-19 i el Pla Espec\u00edfic de Mesures de Prevenci\u00f3 i Contenci\u00f3 de la COVID-19 en els Serveis Socials, i s\u2019estableixen els nivells d\u2019alerta sanit\u00e0ria que s\u2019han d\u2019aplicar en cada una de les illes<\/a><\/p>\n\n\n\n<p>26\/10\/2021: <a aria-label=\"undefined (abre en una nueva pesta\u00f1a)\" href=\"https:\/\/drive.google.com\/file\/d\/1WCZ_4gl7Nqlso7ChjJGNr5VhHvIBSr3D\/view?usp=sharing\" target=\"_blank\" rel=\"noreferrer noopener\">Anex I: Pla de mesures de Prevenci\u00f3, Contenci\u00f3 i Coordinaci\u00f3 per fer front a la COVID-19<\/a><\/p>\n\n\n\n<p>26\/10\/2021: <a href=\"https:\/\/drive.google.com\/file\/d\/1hM2fK2BKvSWUnTyQ3ooRO_bUNJLTdhRz\/view?usp=sharing\" target=\"_blank\" aria-label=\"undefined (abre en una nueva pesta\u00f1a)\" rel=\"noreferrer noopener\">FAQS XXVI Mallorca, Eivissa i Formentera<\/a><\/p>\n\n\n\n<p>26\/10\/2021: <a href=\"https:\/\/drive.google.com\/file\/d\/1OUDYlRmIPWq1IaEiBZ1xLnkxdKtOC702\/view?usp=sharing\" target=\"_blank\" aria-label=\"undefined (abre en una nueva pesta\u00f1a)\" rel=\"noreferrer noopener\">FAQS XXVI Menorca<\/a><\/p>\n\n\n\n<p>28\/09\/2021: <a aria-label=\"undefined (abre en una nueva pesta\u00f1a)\" href=\"https:\/\/drive.google.com\/file\/d\/16TmSAdM1_PGwSA0QyG_iMntH1Uo1kVqO\/view?usp=sharing\" target=\"_blank\" rel=\"noreferrer noopener\">FAQS XXV_DEF<\/a><\/p>\n\n\n\n<p>28\/09\/2021: <a href=\"https:\/\/www.caib.es\/eboibfront\/ca\/2021\/11455\/653698\/acord-del-consell-de-govern-de-27-de-setembre-de-2\" target=\"_blank\" aria-label=\"undefined (abre en una nueva pesta\u00f1a)\" rel=\"noreferrer noopener\">Acord del Consell de Govern de 27 de setembre de 2021 pel qual s\u2019aprova el Pla Consolidat de Mesures de Prevenci\u00f3, Contenci\u00f3 i Coordinaci\u00f3 per Fer Front a la Crisi Sanit\u00e0ria Ocasionada per la COVID-19 i s\u2019estableixen els nivells d\u2019alerta sanit\u00e0ria que s\u2019han d\u2019aplicar a cada una de les illes<\/a><\/p>\n\n\n\n<p>09\/09\/2021: <a aria-label=\"undefined (abre en una nueva pesta\u00f1a)\" href=\"https:\/\/www.caib.es\/eboibfront\/ca\/2021\/11444\/653107\/resolucio-del-conseller-de-model-economic-turisme-\" target=\"_blank\" rel=\"noreferrer noopener\">Resoluci\u00f3 del conseller de Model Econ\u00f2mic, Turisme i Treball, per la qual es concedeixen ajuts per reiniciar o continuar l\u2019activitat per compte propi i consolidar el projecte d\u2019autoocupaci\u00f3, de les persones f\u00edsiques aut\u00f2noms afectats directament per la COVID-19, s\u2019autoritza i disposa la despesa, es reconeix l\u2019obligaci\u00f3 i se\u2019n proposa el pagament<\/a><\/p>\n\n\n\n<p>09\/09\/2021: <a aria-label=\"undefined (abre en una nueva pesta\u00f1a)\" href=\"https:\/\/drive.google.com\/file\/d\/1DWb5pxZt6Tnp8nu0zTzBqIw-amuACf3V\/view?usp=sharing\" target=\"_blank\" rel=\"noreferrer noopener\">Indicacions per canviar de grup estable en els esports d\u2019equip i de contacte \u2013 Temporada 2021\/22<\/a><\/p>\n\n\n\n<p><\/p>\n\n\n\n<p>09\/09\/201: <a aria-label=\"undefined (abre en una nueva pesta\u00f1a)\" href=\"https:\/\/drive.google.com\/file\/d\/1C5E5XA5dO4eEBrFLmEkKWDotuuT99iR3\/view?usp=sharing\" target=\"_blank\" rel=\"noreferrer noopener\">FAQS XXIV<\/a><\/p>\n\n\n\n<p>09\/09\/2021: <a aria-label=\"undefined (abre en una nueva pesta\u00f1a)\" href=\"https:\/\/www.caib.es\/eboibfront\/ca\/2021\/11445\/653174\/acord-del-consell-de-govern-de-8-de-setembre-de-20\" target=\"_blank\" rel=\"noreferrer noopener\">Acord del Consell de Govern de 8 de setembre de 2021 pel qual s\u2019aprova el Pla Consolidat de Mesures de Prevenci\u00f3, Contenci\u00f3 i Coordinaci\u00f3 per Fer Front a la Crisi Sanit\u00e0ria Ocasionada per la COVID-19<\/a><\/p>\n\n\n\n<p>30\/08\/2021: <a aria-label=\"undefined (abre en una nueva pesta\u00f1a)\" href=\"https:\/\/drive.google.com\/file\/d\/1rbZo6C9IiTJamWW1C1Rm3mNWGNp9TVVe\/view?usp=sharing\" target=\"_blank\" rel=\"noreferrer noopener\">FAQS XXIII<\/a><\/p>\n\n\n\n<p>27\/08\/2021: <a href=\"https:\/\/www.caib.es\/eboibfront\/ca\/2021\/11438\/652892\/acord-del-consell-de-govern-de-27-d-agost-de-2021-\" target=\"_blank\" aria-label=\"undefined (abre en una nueva pesta\u00f1a)\" rel=\"noreferrer noopener\">Acord del Consell de Govern de 27 d\u2019agost de 2021 pel qual es modifica el Pla Consolidat de Mesures de Prevenci\u00f3, Contenci\u00f3 i Coordinaci\u00f3 per Fer Front a la Crisi Sanit\u00e0ria Ocasionada per la COVID-19 aprovat per l\u2019Acord del Consell de Govern de 9 de juliol de 2021<\/a><\/p>\n\n\n\n<p>03\/08\/2021: <a href=\"https:\/\/drive.google.com\/file\/d\/1AJurPQN14_73ULgWtuXnRI0A0geVh7yv\/view?usp=sharing\" target=\"_blank\" aria-label=\"undefined (abre en una nueva pesta\u00f1a)\" rel=\"noreferrer noopener\">FAQS XXII<\/a><\/p>\n\n\n\n<p>03\/08\/2021: <a aria-label=\"undefined (abre en una nueva pesta\u00f1a)\" href=\"https:\/\/www.caib.es\/eboibfront\/ca\/2021\/11423\/652175\/acord-del-consell-de-govern-de-2-d-agost-de-2021-d\" target=\"_blank\" rel=\"noreferrer noopener\">Acord del Consell de Govern de 2 d\u2019agost de 2021 de correcci\u00f3 d\u2019errors de l\u2019Acord del Consell de Govern de 20 de juliol de 2021 pel qual s\u2019estableixen mesures excepcionals per contenir la pand\u00e8mia ocasionada per la COVID-19<\/a><\/p>\n\n\n\n<p>29\/07\/2021: <a aria-label=\"undefined (abre en una nueva pesta\u00f1a)\" href=\"https:\/\/www.ibsalut.es\/coronavirus-covid-19\/situacio-actual-de-la-covid-19-a-les-illes-balears\" target=\"_blank\" rel=\"noreferrer noopener\">Visor de dades de la COVID-19 a les Illes Balears<\/a><\/p>\n\n\n\n<p>22\/07\/2021: <a aria-label=\"undefined (abre en una nueva pesta\u00f1a)\" href=\"https:\/\/drive.google.com\/file\/d\/1HwSBYDOdMK60Nv2AU5RiylD0CAc6Z5xs\/view?usp=sharing\" target=\"_blank\" rel=\"noreferrer noopener\">FAQS XXI<\/a><\/p>\n\n\n\n<p>22\/07\/2021: <a href=\"https:\/\/www.caib.es\/eboibfront\/ca\/2021\/11417\/651819\/acord-del-consell-de-govern-de-20-de-juliol-de-202\" target=\"_blank\" aria-label=\"undefined (abre en una nueva pesta\u00f1a)\" rel=\"noreferrer noopener\">Acord del Consell de Govern de 20 de juliol de 2021 pel qual es modifica el Pla Consolidat de Mesures de Prevenci\u00f3, Contenci\u00f3 i Coordinaci\u00f3 per Fer Front a la Crisi Sanit\u00e0ria Ocasionada per la COVID-19 aprovat per l\u2019Acord del Consell de Govern del dia 9 de juliol de 2021<\/a><\/p>\n\n\n\n<p>10\/07\/2021: <a aria-label=\"undefined (abre en una nueva pesta\u00f1a)\" href=\"https:\/\/www.caib.es\/eboibfront\/ca\/2021\/11412\/651463\/acord-del-consell-de-govern-de-9-de-juliol-de-2021\" target=\"_blank\" rel=\"noreferrer noopener\">Acord del Consell de Govern de 9 de juliol de 2021 pel qual s\u2019aprova el Pla Consolidat de Mesures de Prevenci\u00f3, Contenci\u00f3 i Coordinaci\u00f3 per Fer Front a la Crisi Sanit\u00e0ria Ocasionada per la COVID-19, i s\u2019estableixen els nivells d\u2019alerta sanit\u00e0ria que s\u2019han d\u2019aplicar a cada una de les illes<\/a><\/p>\n\n\n\n<p>02\/07\/2021: <a href=\"https:\/\/drive.google.com\/file\/d\/1d9V0H42ssTFhB4FGPbeGBQUCo40xfsaK\/view?usp=sharing\" target=\"_blank\" aria-label=\"undefined (abre en una nueva pesta\u00f1a)\" rel=\"noreferrer noopener\">FAQS XIX bis<\/a><\/p>\n\n\n\n<p>02\/07\/2021: <a aria-label=\"undefined (abre en una nueva pesta\u00f1a)\" href=\"https:\/\/www.caib.es\/eboibfront\/ca\/2021\/11404\/651073\/acord-del-consell-de-govern-de-28-de-juny-de-2021-\" target=\"_blank\" rel=\"noreferrer noopener\">Acord del Consell de Govern de 28 de juny de 2021 pel qual s\u2019estableixen condicions excepcionals per a l\u2019organitzaci\u00f3, la reserva i venda de viatges organitzats a grups de persones a les Illes Balears, per prevenir i contenir la pand\u00e8mia ocasionada per la COVID-19 durant tot el mes de juliol de 2021 i es prorroga l\u2019efic\u00e0cia de les mesures que cont\u00e9 l\u2019Acord del Consell de Govern de 18 de juny de 2021 pel qual s\u2019estableixen els nivells d\u2019alerta sanit\u00e0ria que s\u2019han d\u2019aplicar en cada una de les illes<\/a><\/p>\n\n\n\n<p>19\/06\/2021: <a aria-label=\"undefined (abre en una nueva pesta\u00f1a)\" href=\"https:\/\/drive.google.com\/file\/d\/1vAkE2Wcw0Pw9zZfhQQ_Ld6wXrEiYy8NK\/view?usp=sharing\" target=\"_blank\" rel=\"noreferrer noopener\">FAQS XIX<\/a><\/p>\n\n\n\n<p>19\/06\/2021: <a aria-label=\"undefined (abre en una nueva pesta\u00f1a)\" href=\"https:\/\/www.caib.es\/eboibfront\/ca\/2021\/11400\/650813\/acord-del-consell-de-govern-de-18-de-juny-de-2021-\" target=\"_blank\" rel=\"noreferrer noopener\">Acord del Consell de Govern de 18 de juny de 2021 pel qual s\u2019estableixen els nivells d\u2019alerta sanit\u00e0ria que s\u2019han d\u2019aplicar en cada una de les illes, es modifica l\u2019Acord del Consell de Govern de 7 de maig de 2021 pel qual s\u2019aprova el nou Pla de Mesures de Prevenci\u00f3, Contenci\u00f3 i Coordinaci\u00f3 per Fer Front a la Crisi Sanit\u00e0ria Ocasionada per la COVID-19 i s\u2019estableixen mesures excepcionals de prevenci\u00f3 del contagi de la COVID-19 aplicables temporalment a les illes<\/a><\/p>\n\n\n\n<p>15\/06\/2021: <a href=\"https:\/\/www.caib.es\/pidip2front\/jsp\/ca\/fitxa-convocatoria\/strongspan-stylecolor1c697dcovid-19-spanlrsquooci-nocturn-tornaragrave-a-obrir-a-les-illes-balears-gragravecies-a-la-bona-situacioacute-epidemiologravegica-de-la-comunitat-nbspnbspstrong\" target=\"_blank\" aria-label=\"undefined (abre en una nueva pesta\u00f1a)\" rel=\"noreferrer noopener\">Nota informativa Conselleria de Salut i Consum CAIB: <strong>COVID-19: L\u2019oci nocturn tornar\u00e0 a obrir a les Illes Balears gr\u00e0cies a la bona situaci\u00f3 epidemiol\u00f2gica de la comunitat<\/strong><\/a><\/p>\n\n\n\n<p>07\/06\/2021: Convocat\u00f2ria ajuts a la solv\u00e8ncia empresarial del GOIB derivats del RD-L 5\/2021. <a aria-label=\"undefined (abre en una nueva pesta\u00f1a)\" href=\"https:\/\/drive.google.com\/file\/d\/1bfAGVTh7BoPMinDMRXqM8d72pwDigmOO\/view?usp=sharing\" target=\"_blank\" rel=\"noreferrer noopener\">Guia dels ajuts directes de l&#8217;Estat per a les empreses que han patit les conseq\u00fc\u00e8ncies de la COVID-19 a les Illes Balears<\/a><\/p>\n\n\n\n<p>04\/06\/2021: <a aria-label=\"undefined (abre en una nueva pesta\u00f1a)\" href=\"https:\/\/drive.google.com\/file\/d\/1iJN3WXwvvLULyXhAIJiOjNUkWSTOChPK\/view?usp=sharing\" target=\"_blank\" rel=\"noreferrer noopener\">FAQS XVIII<\/a><\/p>\n\n\n<div class=\"wp-block-image\">\n<figure class=\"aligncenter size-medium\"><img decoding=\"async\" loading=\"lazy\" width=\"300\" height=\"300\" src=\"http:\/\/www.colefillesbalears.com\/web\/wp-content\/uploads\/2021\/06\/BB_MALLORCA_4_JUNY_-_CARTELL_CAT-300x300.png\" alt=\"\" class=\"wp-image-5897\" srcset=\"https:\/\/www.colefillesbalears.com\/web\/wp-content\/uploads\/2021\/06\/BB_MALLORCA_4_JUNY_-_CARTELL_CAT-300x300.png 300w, https:\/\/www.colefillesbalears.com\/web\/wp-content\/uploads\/2021\/06\/BB_MALLORCA_4_JUNY_-_CARTELL_CAT-1024x1024.png 1024w, https:\/\/www.colefillesbalears.com\/web\/wp-content\/uploads\/2021\/06\/BB_MALLORCA_4_JUNY_-_CARTELL_CAT-150x150.png 150w, https:\/\/www.colefillesbalears.com\/web\/wp-content\/uploads\/2021\/06\/BB_MALLORCA_4_JUNY_-_CARTELL_CAT-768x768.png 768w, https:\/\/www.colefillesbalears.com\/web\/wp-content\/uploads\/2021\/06\/BB_MALLORCA_4_JUNY_-_CARTELL_CAT-1536x1536.png 1536w, https:\/\/www.colefillesbalears.com\/web\/wp-content\/uploads\/2021\/06\/BB_MALLORCA_4_JUNY_-_CARTELL_CAT-2048x2048.png 2048w\" sizes=\"(max-width: 300px) 100vw, 300px\" \/><\/figure><\/div>\n\n\n<p>04\/06\/2021: <a aria-label=\"undefined (abre en una nueva pesta\u00f1a)\" href=\"https:\/\/www.caib.es\/eboibfront\/ca\/2021\/11394\/650295\/acord-del-consell-de-govern-4-de-juny-de-2021-pel-\" target=\"_blank\" rel=\"noreferrer noopener\">Acord del Consell de Govern 4 de juny de 2021 pel qual s\u2019estableixen els nivells d\u2019alerta sanit\u00e0ria que s\u2019han d\u2019aplicar en cada una de les illes, es modifica l\u2019Acord del Consell de Govern de 7 de maig de 2021 pel qual s\u2019aprova el nou Pla de Mesures de Prevenci\u00f3, Contenci\u00f3 i Coordinaci\u00f3 per Fer Front a la Crisi Sanit\u00e0ria Ocasionada per la COVID-19 i s\u2019estableixen mesures excepcionals de prevenci\u00f3 del contagi de la COVID-19 aplicables temporalment a les illes<\/a><\/p>\n\n\n\n<p>29\/05\/2021: <a aria-label=\"undefined (abre en una nueva pesta\u00f1a)\" href=\"https:\/\/www.caib.es\/eboibfront\/ca\/2021\/11388\/650031\/ordre-conjunta-de-la-consellera-d-hisenda-i-relaci\" target=\"_blank\" rel=\"noreferrer noopener\">Ordre conjunta de la consellera d\u2019Hisenda i Relacions Exteriors i del conseller de Model Econ\u00f2mic, Turisme i Treball de 28 de maig de 2021 per la qual s\u2019aproven les bases reguladores i la convocat\u00f2ria extraordin\u00e0ria de la L\u00ednia COVID d\u2019ajuts directes a empresaris i professionals a qu\u00e8 es refereix el t\u00edtol I del Reial decret llei 5\/2021, de 12 de mar\u00e7, de mesures extraordin\u00e0ries de suport a la solv\u00e8ncia empresarial, en resposta a la pand\u00e8mia de la Covid-19<\/a>. Presentaci\u00f3: <a aria-label=\"undefined (abre en una nueva pesta\u00f1a)\" href=\"https:\/\/ajutscovid.atib.es\" target=\"_blank\" rel=\"noreferrer noopener\">https:\/\/ajutscovid.atib.es<\/a>. Termini de presentaci\u00f3 de sol\u00b7licituds s&#8217;iniciar\u00e0 el dia 14 de juny de 2021, a les 8.00 h, i finalitzar\u00e0 el dia 28 de juny de 2021, a les 15.00 hores<\/p>\n\n\n\n<p>22\/05\/2021: <a aria-label=\"undefined (abre en una nueva pesta\u00f1a)\" href=\"https:\/\/drive.google.com\/file\/d\/1e3uSm0gYhg70tvozXfDFWwTZYCNn-Ckp\/view?usp=sharing\" target=\"_blank\" rel=\"noreferrer noopener\">FAQS XVII Illes Balears<\/a><\/p>\n\n\n<div class=\"wp-block-image\">\n<figure class=\"aligncenter size-medium\"><img decoding=\"async\" src=\"http:\/\/www.colefillesbalears.com\/web\/wp-content\/uploads\/2021\/05\/Viatjarabalears-1-300x300.jpeg\" alt=\"\" class=\"wp-image-5862\"\/><\/figure><\/div>\n\n\n<p>22\/05\/2021: <a aria-label=\"undefined (abre en una nueva pesta\u00f1a)\" href=\"https:\/\/www.caib.es\/eboibfront\/ca\/2021\/11385\/649633\/acord-del-consell-de-govern-de-21-de-maig-de-2021-\" target=\"_blank\" rel=\"noreferrer noopener\">Acord del Consell de Govern de 21 de maig de 2021 pel qual s\u2019estableixen els nivells d\u2019alerta sanit\u00e0ria que s\u2019han d\u2019aplicar en cada una de les illes, es modifica puntualment l\u2019Acord del Consell de Govern de 7 de maig de 2021, pel qual s\u2019aprov\u00e0 el nou Pla de Mesures de Prevenci\u00f3, Contenci\u00f3 i Coordinaci\u00f3 per Fer Front a la Crisi Sanit\u00e0ria Ocasionada per la COVID-19 i s\u2019estableixen mesures excepcionals de prevenci\u00f3 del contagi de la COVID-19 aplicables temporalment a les illes<\/a><\/p>\n\n\n\n<p>22\/05\/2021: <a aria-label=\"undefined (abre en una nueva pesta\u00f1a)\" href=\"https:\/\/www.caib.es\/eboibfront\/ca\/2021\/11385\/649632\/acord-del-consell-de-govern-de-17-de-maig-de-2021-\" target=\"_blank\" rel=\"noreferrer noopener\">Acord del Consell de Govern de 17 de maig de 2021 pel qual es prorroguen i modifiquen les mesures excepcionals establertes mitjan\u00e7ant l\u2019Acord del Consell de Govern de 5 de maig de 2021 per prevenir i contenir la pand\u00e8mia ocasionada per la COVID-19 durant el mes de maig de 2021<\/a><\/p>\n\n\n\n<p>08\/05\/2021: FAQS XVI <a aria-label=\"undefined (abre en una nueva pesta\u00f1a)\" href=\"https:\/\/drive.google.com\/file\/d\/1F819kbTq-0s4YnHyvg0YyeEkejl_outl\/view?usp=sharing\" target=\"_blank\" rel=\"noreferrer noopener\">Mallorca<\/a>.   <a aria-label=\"undefined (abre en una nueva pesta\u00f1a)\" href=\"https:\/\/drive.google.com\/file\/d\/1F819kbTq-0s4YnHyvg0YyeEkejl_outl\/view?usp=sharing\" target=\"_blank\" rel=\"noreferrer noopener\">Eivissa-Menorca-Formentera<\/a><\/p>\n\n\n\n<p>08\/05\/2021: <a aria-label=\"undefined (abre en una nueva pesta\u00f1a)\" href=\"http:\/\/www.caib.es\/eboibfront\/ca\/2021\/11378\/648992\/acord-del-consell-de-govern-de-7-de-maig-de-2021-p\" target=\"_blank\" rel=\"noreferrer noopener\">Acord del Consell de Govern de 7 de maig de 2021 pel qual s\u2019aprova el nou Pla de Mesures de Prevenci\u00f3, Contenci\u00f3 i Coordinaci\u00f3 per Fer Front a la Crisi Sanit\u00e0ria Ocasionada per la COVID-19, s\u2019estableixen els nivells d\u2019alerta sanit\u00e0ria que s\u2019han d\u2019aplicar a cada una de les illes i s\u2019estableixen mesures excepcionals de prevenci\u00f3 del contagi de la COVID-19 aplicables temporalment a les illes<\/a><\/p>\n\n\n\n<p>08\/05\/2021: <a aria-label=\"undefined (abre en una nueva pesta\u00f1a)\" href=\"http:\/\/www.caib.es\/eboibfront\/ca\/2021\/11378\/648975\/acord-del-consell-de-govern-de-5-de-maig-de-2021-p\" target=\"_blank\" rel=\"noreferrer noopener\">Acord del Consell de Govern de 5 de maig de 2021 pel qual s\u2019aproven mesures excepcionals per prevenir i contenir la pand\u00e8mia ocasionada per la COVID\u201119 durant el mes de maig de 2021<\/a><\/p>\n\n\n\n<p>08\/05\/2021: <a aria-label=\"undefined (abre en una nueva pesta\u00f1a)\" href=\"http:\/\/www.caib.es\/eboibfront\/ca\/2021\/11378\/648974\/decret-llei-5-2021-de-7-de-maig-pel-qual-es-modifi\" target=\"_blank\" rel=\"noreferrer noopener\">Decret llei 5\/2021, de 7 de maig, pel qual es modifiquen la Llei 16\/2010, de 28 de desembre, de salut p\u00fablica de les Illes Balears, i el Decret llei 11\/2020, de 10 de juliol, pel qual s\u2019estableix un r\u00e8gim sancionador espec\u00edfic per fer front als incompliments de les disposicions dictades per pal\u00b7liar els efectes de la crisi ocasionada per la COVID-19<\/a><\/p>\n\n\n\n<div class=\"wp-block-group is-layout-flow\"><div class=\"wp-block-group__inner-container\">\n<div class=\"wp-block-group is-layout-flow\"><div class=\"wp-block-group__inner-container\">\n<div class=\"wp-block-group is-layout-flow\"><div class=\"wp-block-group__inner-container\">\n<div class=\"wp-block-group is-layout-flow\"><div class=\"wp-block-group__inner-container\">\n<p>24\/04\/2021: FAQS XV <a href=\"https:\/\/drive.google.com\/file\/d\/10eqKGX3UiPtvanTRYc0v70xEWWDRauGG\/view?usp=sharing\" target=\"_blank\" aria-label=\"undefined (abre en una nueva pesta\u00f1a)\" rel=\"noreferrer noopener\">Mallorca-Eivissa<\/a> <a href=\"https:\/\/drive.google.com\/file\/d\/1TdWMMPzzA5Pdo1QhnqPjZ0Es-KwuuLan\/view?usp=sharing\" target=\"_blank\" aria-label=\"undefined (abre en una nueva pesta\u00f1a)\" rel=\"noreferrer noopener\">Menorca-Formentera<\/a><\/p>\n\n\n\n<p>24\/04\/2021: <a aria-label=\"undefined (abre en una nueva pesta\u00f1a)\" href=\"https:\/\/www.caib.es\/eboibfront\/ca\/2021\/11372\/648206\/acord-del-consell-de-govern-de-23-d-abril-de-2021-\" target=\"_blank\" rel=\"noreferrer noopener\">Acord del Consell de Govern de 23 d\u2019abril de 2021 pel qual s\u2019estableixen els nivells d\u2019alerta sanit\u00e0ria per illes que han de vigir a la comunitat aut\u00f2noma de les Illes Balears, s\u2019estableixen mesures excepcionals de prevenci\u00f3 del contagi de la COVID-19 aplicables temporalment a les illes i s\u2019introdueixen modificacions puntuals al Pla de Mesures Excepcionals de Prevenci\u00f3, Contenci\u00f3 i Coordinaci\u00f3 per Fer Front a la Crisi Sanit\u00e0ria Ocasionada per la COVID-19, aprovat per l\u2019Acord del Consell de Govern de les Illes Balears de 27 de novembre de 2020<\/a><\/p>\n<\/div><\/div>\n<\/div><\/div>\n<\/div><\/div>\n<\/div><\/div>\n\n\n\n<div class=\"wp-block-group is-layout-flow\"><div class=\"wp-block-group__inner-container\">\n<p>24\/04\/2021:<a href=\"https:\/\/www.caib.es\/eboibfront\/ca\/2021\/11372\/648207\/decret-34-2021-de-23-d-abril-de-la-presidenta-de-l\" target=\"_blank\" aria-label=\"undefined (abre en una nueva pesta\u00f1a)\" rel=\"noreferrer noopener\"> Decret 34\/2021, de 23 d\u2019abril, de la presidenta de les Illes Balears, pel qual s\u2019estableixen mesures temporals i excepcionals per ra\u00f3 de salut p\u00fablica per a la contenci\u00f3 de la COVID-19 a totes les Illes Balears, a l\u2019empara de la declaraci\u00f3 de l\u2019estat d\u2019alarma<\/a><\/p>\n<\/div><\/div>\n\n\n\n<div class=\"wp-block-group is-layout-flow\"><div class=\"wp-block-group__inner-container\">\n<div class=\"wp-block-group is-layout-flow\"><div class=\"wp-block-group__inner-container\">\n<div class=\"wp-block-group is-layout-flow\"><div class=\"wp-block-group__inner-container\">\n<figure class=\"wp-block-gallery has-nested-images columns-2 is-cropped wp-block-gallery-6 is-layout-flex\">\n<figure class=\"wp-block-image size-medium\"><img decoding=\"async\" src=\"http:\/\/www.colefillesbalears.com\/web\/wp-content\/uploads\/2021\/04\/176398383_10159418192037454_6571130745322359915_n-1-300x300.jpeg\" alt=\"\" class=\"wp-image-5759\"\/><\/figure>\n\n\n\n<figure class=\"wp-block-image size-medium\"><img decoding=\"async\" src=\"http:\/\/www.colefillesbalears.com\/web\/wp-content\/uploads\/2021\/04\/176193242_10159418192162454_8586192168086026416_n-5-300x300.jpeg\" alt=\"\" class=\"wp-image-5766\"\/><\/figure>\n\n\n\n<figure class=\"wp-block-image size-medium\"><img decoding=\"async\" src=\"http:\/\/www.colefillesbalears.com\/web\/wp-content\/uploads\/2021\/04\/176156936_10159418192327454_4316692396171723602_n-4-300x300.jpeg\" alt=\"\" class=\"wp-image-5783\"\/><\/figure>\n\n\n\n<figure class=\"wp-block-image size-medium\"><img decoding=\"async\" src=\"http:\/\/www.colefillesbalears.com\/web\/wp-content\/uploads\/2021\/04\/176202981_10159418192227454_8064606156961425320_n-4-300x300.jpeg\" alt=\"\" class=\"wp-image-5784\"\/><\/figure>\n<\/figure>\n<\/div><\/div>\n<\/div><\/div>\n<\/div><\/div>\n\n\n\n<p>21\/04\/2021: Avan\u00e7 propostes noves mesures a partir del 24 d&#8217;abril: reuni\u00f3 amb la Conselleria d&#8217;Afers socials i Esports, el dia 21\/04, per proposar i con\u00e8ixer les noves mesures d&#8217;aplicaci\u00f3 a partir del 24 d&#8217;abril. Tot i que des del COLEF IB hem proposat que les Illes que actualment estan en nivell 2 passessin a 1 i Menorca tingu\u00e9s aquesta millora d&#8217;1 a amb unes mesures menys restrictives, no ha estat possible.Es preveuen aquestes modificacions<\/p>\n\n\n\n<figure class=\"wp-block-image size-full\"><img decoding=\"async\" loading=\"lazy\" width=\"1436\" height=\"1003\" src=\"http:\/\/www.colefillesbalears.com\/web\/wp-content\/uploads\/2021\/04\/176165529_2279127112217233_3665046972720202941_n.jpg\" alt=\"\" class=\"wp-image-5745\" srcset=\"https:\/\/www.colefillesbalears.com\/web\/wp-content\/uploads\/2021\/04\/176165529_2279127112217233_3665046972720202941_n.jpg 1436w, https:\/\/www.colefillesbalears.com\/web\/wp-content\/uploads\/2021\/04\/176165529_2279127112217233_3665046972720202941_n-768x536.jpg 768w\" sizes=\"(max-width: 1436px) 100vw, 1436px\" \/><\/figure>\n\n\n\n<p>15\/04\/2021: <a href=\"https:\/\/www.caib.es\/pidip2front\/jsp\/ca\/fitxa-convocatoria\/strongafers-socials-i-esports-comunica-a-les-federacions-que-les-competicions-drsquoesports-drsquoequip-i-de-contacte-per-menors-drsquoentre-6-i-11-anys-podran-tornar-a-partir-denbspdissabte-24-d39abrilstrong\" target=\"_blank\" aria-label=\"undefined (abre en una nueva pesta\u00f1a)\" rel=\"noreferrer noopener\">Afers Socials i Esports comunica a les federacions que les competicions d\u2019esports d\u2019equip i de contacte per menors d\u2019entre 6 i 11 anys podran tornar a partir de dissabte 24 d&#8217;abril<\/a><\/p>\n\n\n\n<p>10\/04\/2021: FAQS XIV <a aria-label=\"undefined (abre en una nueva pesta\u00f1a)\" href=\"https:\/\/drive.google.com\/file\/d\/1gBMeIH3QbdLLGAeiMaKTuGyIS-ZYcz4A\/view?usp=sharing\" target=\"_blank\" rel=\"noreferrer noopener\">Mallorca-Eivissa-Formentera<\/a> <a aria-label=\"undefined (abre en una nueva pesta\u00f1a)\" href=\"https:\/\/drive.google.com\/file\/d\/1gTpn0tO2Lw04BtufDqNMTnMf2pT-NFVy\/view?usp=sharing\" target=\"_blank\" rel=\"noreferrer noopener\">Menorca<\/a><\/p>\n\n\n\n<p>10\/04\/2021 <a aria-label=\"undefined (abre en una nueva pesta\u00f1a)\" href=\"https:\/\/www.caib.es\/eboibfront\/ca\/2021\/11366\/647567\/acord-del-consell-de-govern-de-9-d-abril-de-2021-p\" target=\"_blank\" rel=\"noreferrer noopener\">Acord del Consell de Govern de 9 d\u2019abril de 2021 pel qual s\u2019estableixen els nivells d\u2019alerta sanit\u00e0ria per illes que han de vigir a la comunitat aut\u00f2noma de les Illes Balears, s\u2019estableixen mesures excepcionals de prevenci\u00f3 del contagi de la COVID-19 aplicables temporalment a les illes i s\u2019introdueixen modificacions puntuals al Pla de Mesures Excepcionals de Prevenci\u00f3, Contenci\u00f3 i Coordinaci\u00f3 per Fer Front a la Crisi Sanit\u00e0ria Ocasionada per la COVID-19, aprovat per l\u2019Acord del Consell de Govern de les Illes Balears de 27 de novembre de 2020<\/a><\/p>\n\n\n\n<p>30\/03\/2021: <a aria-label=\"undefined (abre en una nueva pesta\u00f1a)\" href=\"https:\/\/www.boe.es\/diario_boe\/txt.php?id=BOE-A-2021-4908\" target=\"_blank\" rel=\"noreferrer noopener\">Ley 2\/2021, de 29 de marzo, de medidas urgentes de prevenci\u00f3n, contenci\u00f3n y coordinaci\u00f3n para hacer frente a la crisis sanitaria ocasionada por el COVID-19.<\/a><\/p>\n\n\n\n<p>20\/03\/2021: <a aria-label=\"undefined (abre en una nueva pesta\u00f1a)\" href=\"https:\/\/www.caib.es\/eboibfront\/ca\/2021\/11356\/646680\/extracte-de-la-resolucio-del-director-de-la-fundac\" target=\"_blank\" rel=\"noreferrer noopener\">Extracte de la Resoluci\u00f3 del director de la Fundaci\u00f3 Mallorca Turisme per la qual s\u2019aprova la II Convocat\u00f2ria d\u2019ajuts per pal\u00b7liar els efectes de la covid-19 al sector dels gimnasos i escoles de dansa de Mallorca<\/a>. La sol\u00b7licitud i documentaci\u00f3 annexa es pot presentar a partir de les 9.00 h de l&#8217;endem\u00e0 de la publicaci\u00f3 de l&#8217;extracte de la convocat\u00f2ria en el&nbsp;<em>Butllet\u00ed Oficial de les Illes Balears<\/em>&nbsp;fins al dia 15 d&#8217;abril de 2021, o fins a exhauriment del cr\u00e8dit. <a aria-label=\"undefined (abre en una nueva pesta\u00f1a)\" href=\"https:\/\/fundaciomallorcaturisme.sedelectronica.es\/info.0\" target=\"_blank\" rel=\"noreferrer noopener\">https:\/\/fundaciomallorcaturisme.sedelectronica.es\/info.0<\/a><\/p>\n\n\n\n<p>18\/03\/2021 <a aria-label=\"undefined (abre en una nueva pesta\u00f1a)\" href=\"https:\/\/www.caib.es\/eboibfront\/ca\/2021\/11355\/646547\/acord-de-la-comissio-de-govern-del-consell-insular\" target=\"_blank\" rel=\"noreferrer noopener\">Acord de la Comissi\u00f3 de Govern del Consell Insular de Formentera de data 12 de mar\u00e7 de 2021 per la qual s\u2019aproven les bases reguladores i la convocat\u00f2ria extraordin\u00e0ria d\u2019ajudes adre\u00e7ades a pal\u00b7liar les conseq\u00fc\u00e8ncies de les restriccions motivades per la crisi sanit\u00e0ria de la COVID-19 en els sectors econ\u00f2mics de la restauraci\u00f3 i altres a l\u2019illa de Formentera any 2021<\/a>. El termini per presentar la sol\u00b7licitud, tota la documentaci\u00f3 i els annexos que l&#8217;acompanyen ser\u00e0 de 20 dies a partir de l&#8217;endem\u00e0 de la publicaci\u00f3 de l&#8217;extracte de la convocat\u00f2ria en el Butllet\u00ed Oficial de les Illes Balears. <a aria-label=\"undefined (abre en una nueva pesta\u00f1a)\" href=\"https:\/\/ovac.conselldeformentera.cat\/ovac\/catala\/emiservicio\/41E6BF9D755E4825AF8E6B49E85B5079.asp\" target=\"_blank\" rel=\"noreferrer noopener\">https:\/\/ovac.conselldeformentera.cat\/ovac\/catala\/emiservicio\/41E6BF9D755E4825AF8E6B49E85B5079.asp<\/a><\/p>\n\n\n\n<p>16\/03\/2021 FAQS XIII <a href=\"https:\/\/drive.google.com\/file\/d\/17ODGNUr-U6gYtQwTGuPeku24w7azFVAo\/view?usp=sharing\" target=\"_blank\" aria-label=\"undefined (abre en una nueva pesta\u00f1a)\" rel=\"noreferrer noopener\">Correcci\u00f3 errades Menorca<\/a><\/p>\n\n\n\n<p>16\/03\/2021: <a aria-label=\"undefined (abre en una nueva pesta\u00f1a)\" href=\"https:\/\/www.caib.es\/eboibfront\/ca\/2021\/11354\/646389\/acord-del-consell-de-govern-de-15-de-marc-de-2021-\" target=\"_blank\" rel=\"noreferrer noopener\">Acord del Consell de Govern de 15 de mar\u00e7 de 2021 pel qual es rectifiquen determinades errades de l\u2019Acord el Consell de Govern de 12 de mar\u00e7 de 2021, pel qual s\u2019estableixen els nivells d\u2019alerta sanit\u00e0ria per illes que han de vigir a la comunitat aut\u00f2noma de les Illes Balears i s\u2019estableixen mesures excepcionals de prevenci\u00f3 del contagi de la COVID-19 aplicables temporalment a les illes<\/a><\/p>\n\n\n\n<p>13\/03\/2021: FAQS XIII <a href=\"https:\/\/drive.google.com\/file\/d\/1pCGBCLrZP9OUoXOzPftH-_4oqN8KXVbx\/view?usp=sharing\" target=\"_blank\" aria-label=\"undefined (abre en una nueva pesta\u00f1a)\" rel=\"noreferrer noopener\">Menorca<\/a> <a href=\"https:\/\/drive.google.com\/file\/d\/1regSK1wW6VHnbTPLcx1mVT8XmLL1CMH8\/view?usp=sharing\" target=\"_blank\" aria-label=\"undefined (abre en una nueva pesta\u00f1a)\" rel=\"noreferrer noopener\">Mallorca<\/a> <a href=\"https:\/\/drive.google.com\/file\/d\/1tshDFjjdGz04Fwwn6IqlSzmiwtH6__tg\/view?usp=sharing\" target=\"_blank\" aria-label=\"undefined (abre en una nueva pesta\u00f1a)\" rel=\"noreferrer noopener\">Formentera<\/a> <a href=\"https:\/\/drive.google.com\/file\/d\/1_Vb1NrfC16hLN95Rv3NhFLL021GF693H\/view?usp=sharing\" target=\"_blank\" aria-label=\"undefined (abre en una nueva pesta\u00f1a)\" rel=\"noreferrer noopener\">Eivissa<\/a><\/p>\n\n\n\n<p>13\/03\/2021: <a aria-label=\"undefined (abre en una nueva pesta\u00f1a)\" href=\"https:\/\/www.caib.es\/eboibfront\/ca\/2021\/11353\/646321\/acord-del-consell-de-govern-de-12-de-marc-de-2021-\" target=\"_blank\" rel=\"noreferrer noopener\">Acord del Consell de Govern de 12 de mar\u00e7 de 2021 pel qual s\u2019estableixen els nivells d\u2019alerta sanit\u00e0ria per illes que han de vigir a la comunitat aut\u00f2noma de les Illes Balears i s\u2019estableixen mesures excepcionals de prevenci\u00f3 del contagi de la COVID-19 aplicables temporalment a les illes<\/a><\/p>\n\n\n\n<p>11\/03\/2021: <a href=\"https:\/\/www.caib.es\/pidip2front\/jsp\/ca\/fitxa-convocatoria\/strongtornen-les-competicions-de-contacte-a-l39esport-federat-a-partir-dels-12-anys-a-mallorca-i-formenterastrong\" target=\"_blank\" aria-label=\"undefined (abre en una nueva pesta\u00f1a)\" rel=\"noreferrer noopener\"><strong>Nota informativa Conselleria d&#8217;Afers Socials i Esports:<\/strong>  COVID-19: Tornen les competicions de contacte a l&#8217;esport federat a partir dels 12 anys a Mallorca i Formentera<\/a><\/p>\n\n\n\n<p>11\/03\/2021: <a aria-label=\"undefined (abre en una nueva pesta\u00f1a)\" href=\"http:\/\/www.caib.es\/pidip2front\/jsp\/ca\/fitxa-convocatoria\/strongsrsquoobrin-les-sales-drsquoactivitats-dirigides-a-eivissa-i-srsquoamplien-les-capacitats-de-les-sales-de-menorca-mallorca-i-formenterastrong\" target=\"_blank\" rel=\"noreferrer noopener\"><strong>Nota informativa Conselleria d&#8217;Afers Socials i Esports:<\/strong> COVID-19:&nbsp;S\u2019obrin les sales d\u2019activitats dirigides a Eivissa i s\u2019amplien les capacitats de les sales de Menorca, Mallorca i Formentera<\/a><\/p>\n\n\n\n<p>28\/02\/2021: FAQS XII <a aria-label=\"undefined (abre en una nueva pesta\u00f1a)\" href=\"https:\/\/drive.google.com\/file\/d\/1ZgiJ9isewbwnYis8skEIyVHJtDubNkJm\/view?usp=sharing\" target=\"_blank\" rel=\"noreferrer noopener\">Menorca<\/a>  <a aria-label=\"undefined (abre en una nueva pesta\u00f1a)\" href=\"https:\/\/drive.google.com\/file\/d\/11PdZ1hq1TBBcXhxKKR-BSPjZL1qemMSI\/view?usp=sharing\" target=\"_blank\" rel=\"noreferrer noopener\">Mallorca<\/a>  <a aria-label=\"undefined (abre en una nueva pesta\u00f1a)\" href=\"https:\/\/drive.google.com\/file\/d\/1FsCggCyc6xkvERtDshAyJTExSHzM8Hhj\/view?usp=sharing\" target=\"_blank\" rel=\"noreferrer noopener\">Formentera<\/a>  <a aria-label=\"undefined (abre en una nueva pesta\u00f1a)\" href=\"https:\/\/drive.google.com\/file\/d\/1uYNLsEER9c_s7qYYfwP2uO7e6PWbsgIv\/view?usp=sharing\" target=\"_blank\" rel=\"noreferrer noopener\">Eivissa<\/a><\/p>\n\n\n\n<p>27\/02\/2021: <a aria-label=\"undefined (abre en una nueva pesta\u00f1a)\" href=\"https:\/\/www.caib.es\/eboibfront\/ca\/2021\/11346\/645632\/acord-del-consell-de-govern-de-26-de-febrer-de-202\" target=\"_blank\" rel=\"noreferrer noopener\">Acord del Consell de Govern de 26 de febrer de 2021 pel qual s\u2019estableixen els nivells d\u2019alerta sanit\u00e0ria per illes que han de vigir a la comunitat aut\u00f2noma de les Illes Balears, s\u2019estableixen mesures excepcionals de prevenci\u00f3 del contagi de la COVID-19 aplicables temporalment a les illes de Mallorca, Menorca i Formentera, i es prorroguen mesures aplicables a l\u2019illa d\u2019Eivissa<\/a><\/p>\n\n\n\n<p>17\/02\/2021: L\u00ednia de finan\u00e7ament ISBA CAIB 2021. <a href=\"https:\/\/drive.google.com\/file\/d\/1GBiabAWm9Oy5CRtpChBlSUlVjt3MveF6\/view?usp=sharing\" target=\"_blank\" aria-label=\"undefined (abre en una nueva pesta\u00f1a)\" rel=\"noreferrer noopener\">Informaci\u00f3 general <\/a> <a href=\"https:\/\/drive.google.com\/file\/d\/1nY6X-rxHMFvQidzM8qJq-jtNK5PNftD5\/view?usp=sharing\" target=\"_blank\" aria-label=\"undefined (abre en una nueva pesta\u00f1a)\" rel=\"noreferrer noopener\">Follet informatiu<\/a> <a href=\"https:\/\/drive.google.com\/file\/d\/1yUNdpWUBU75W_-8N2xDonzZMhPDpdR6K\/view?usp=sharing\" target=\"_blank\" aria-label=\"undefined (abre en una nueva pesta\u00f1a)\" rel=\"noreferrer noopener\">BOIB <\/a><\/p>\n\n\n\n<p>13\/02\/2021: FAQS XI <a aria-label=\"undefined (abre en una nueva pesta\u00f1a)\" href=\"https:\/\/drive.google.com\/file\/d\/1Uf5ntZ7vdY_jjv-D25SV0Uem7rKFEbOJ\/view?usp=sharing\" target=\"_blank\" rel=\"noreferrer noopener\">Eivissa i Formentera<\/a> <a aria-label=\"undefined (abre en una nueva pesta\u00f1a)\" href=\"https:\/\/drive.google.com\/file\/d\/1rM4XPgBQTR9tuUwxJlY7z8CBQ6FhidhH\/view?usp=sharing\" target=\"_blank\" rel=\"noreferrer noopener\">Menorca<\/a> <a aria-label=\"undefined (abre en una nueva pesta\u00f1a)\" href=\"https:\/\/drive.google.com\/file\/d\/1LZIi0s4QkcYTbd5PSj-hAlDYAddQplXG\/view?usp=sharing\" target=\"_blank\" rel=\"noreferrer noopener\">Mallorca<\/a><\/p>\n\n\n\n<p>13\/02\/2021: <a aria-label=\"undefined (abre en una nueva pesta\u00f1a)\" href=\"https:\/\/www.caib.es\/eboibfront\/ca\/2021\/11337\/644935\/acord-del-consell-de-govern-de-12-de-febrer-de-202\" target=\"_blank\" rel=\"noreferrer noopener\">Acord del Consell de Govern de 12 de febrer de 2021 pel qual s\u2019estableixen els nivells d\u2019alerta sanit\u00e0ria per illes que han de vigir a la comunitat aut\u00f2noma de les Illes Balears, es modifiquen mesures del Pla de Mesures Excepcionals de Prevenci\u00f3, Contenci\u00f3 i Coordinaci\u00f3 per Fer Front a la Crisi Sanit\u00e0ria Ocasionada per la COVID-19 i es prorroga l\u2019aplicaci\u00f3 de mesures excepcionals de prevenci\u00f3 del contagi de la COVID-19 aplicables temporalment a les illes de Mallorca, Eivissa i Formentera<\/a><\/p>\n\n\n\n<p>06\/02\/2021: <a aria-label=\"undefined (abre en una nueva pesta\u00f1a)\" href=\"https:\/\/www.caib.es\/eboibfront\/ca\/2021\/11334\/644683\/resolucio-de-concessio-extraordinaria-d-ajuts-per-\" target=\"_blank\" rel=\"noreferrer noopener\">Resoluci\u00f3 de concessi\u00f3 extraordin\u00e0ria d\u2019ajuts per pal\u00b7liar els efectes de la Covid-19 al sector de la restauraci\u00f3 de Mallorca (primer grup)<\/a><\/p>\n\n\n\n<p>06\/02\/2021: <a aria-label=\"undefined (abre en una nueva pesta\u00f1a)\" href=\"https:\/\/www.caib.es\/eboibfront\/ca\/2021\/11334\/644668\/acord-del-consell-executiu-del-consell-insular-d-e\" target=\"_blank\" rel=\"noreferrer noopener\">Acord del Consell Executiu del Consell Insular d&#8217;Eivissa d&#8217;aprovaci\u00f3 de les bases i la convocat\u00f2ria d\u2019ajudes adre\u00e7ades a pal\u00b7liar les conseq\u00fc\u00e8ncies de les restriccions motivades per la crisi sanit\u00e0ria de la COVID-19 en els sectors econ\u00f2mics de la restauraci\u00f3 i altres. <\/a>El termini per presentar la sol\u00b7licitud, tota la documentaci\u00f3 i els annexos que l&#8217;acompanyen ser\u00e0 de&nbsp;<strong>20 dies<\/strong>&nbsp;comptadors a partir del dia seg\u00fcent al de la publicaci\u00f3 de l&#8217;extracte al&nbsp;<em>Butllet\u00ed Oficial de les Illes Balears<\/em>&nbsp;(BOIB), \u00e9s a dir, del 10 de febrer al 2 de mar\u00e7 de 2021. <a href=\"https:\/\/ajudes.conselldeivissa.es\/\">https:\/\/ajudes.conselldeivissa.es<\/a><\/p>\n\n\n\n<p>30\/01\/2021: <a href=\"http:\/\/www.caib.es\/eboibfront\/ca\/2021\/11331\/644357\/extracte-de-la-resolucio-del-director-de-la-fundac\">Extracte de la Resoluci\u00f3 del director de la Fundaci\u00f3 Mallorca Turisme per la qual s\u2019aprova la Convocat\u00f2ria extraordin\u00e0ria d\u2019ajuts per pal\u00b7liar els efectes de la covid-19 al sector dels gimnasos i escoles de dansa  <\/a>La sol\u00b7licitud i documentaci\u00f3 annexa es pot presentar a partir de les 9.00 h de l&#8217;endem\u00e0 de la publicaci\u00f3 de l&#8217;extracte de la convocat\u00f2ria en el&nbsp;<em>Butllet\u00ed Oficial de les Illes Balears<\/em>&nbsp;fins al dia 28 de febrer de 2021, o fins a exhauriment del cr\u00e8dit.de Mallorca<\/p>\n\n\n\n<p>26\/01\/2021: El Consell de Mallorca ha aprovat una altra convocat\u00f2ria d&#8217;ajuts directes: en aquest cas, a gimnasos i escoles de dansa. Ajudes de fins a 3.000\u20ac per centre. La convocat\u00f2ria es publicar\u00e0 divendres al BOIB i diumenge ja es podran fer les sol\u00b7licituds<a href=\" http:\/\/ajutsmallorca.com\"> http:\/\/ajutsmallorca.com<\/a><\/p>\n\n\n\n<p><strong>16\/01\/2021:<\/strong> <a aria-label=\"undefined (abre en una nueva pesta\u00f1a)\" href=\"http:\/\/www.caib.es\/eboibfront\/ca\/2021\/11325\/643906\/acord-del-consell-de-govern-de-15-de-gener-de-2021\" target=\"_blank\" rel=\"noreferrer noopener\">Acord del Consell de Govern de 15 de gener de 2021 pel qual s\u2019estableix el nivell d\u2019alerta sanit\u00e0ria que ha de vigir a l\u2019illa de Menorca, de conformitat amb l\u2019Acord del Consell de Govern de les Illes Balears de 27 de novembre de 2020, s\u2019adopten mesures temporals i per ra\u00f3 de salut p\u00fablica aplicables en aquesta illa, i es modifica l\u2019Acord del Consell de Govern d\u201911 de gener de 2021 pel qual es disposen mesures excepcionals aplicables a l\u2019illa de Mallorca i a la d\u2019Eivissa per fer front a l\u2019evoluci\u00f3 desfavorable de l\u2019epid\u00e8mia de la COVID-19<\/a>.<\/p>\n\n\n\n<p><strong>16\/01\/2021:<\/strong> <a aria-label=\"undefined (abre en una nueva pesta\u00f1a)\" href=\"http:\/\/www.caib.es\/eboibfront\/ca\/2021\/11325\/643917\/decret-4-2021-de-15-de-gener-de-la-presidenta-de-l\" target=\"_blank\" rel=\"noreferrer noopener\">Decret 4\/2021, de 15 de gener, de la presidenta de les Illes Balears, pel qual s\u2019adopten mesures temporals i excepcionals per ra\u00f3 de salut p\u00fablica per a la contenci\u00f3 de la COVID-19 a les illes de Menorca i Formentera, a l\u2019empara de la declaraci\u00f3 de l\u2019estat d\u2019alarma<\/a>.<\/p>\n\n\n\n<p>15\/01\/2021:&nbsp;<a href=\"http:\/\/www.colefillesbalears.com\/web\/2021\/01\/15\/pla-dajudes-dacompanyament-als-sectors-afectats-per-la-covid-19\/\">Pla d\u2019Ajudes d\u2019Acompanyament als Sectors Afectats per la Covid -19<\/a><\/p>\n\n\n\n<p><strong>12\/01\/2021:<\/strong> <a aria-label=\"undefined (abre en una nueva pesta\u00f1a)\" href=\"http:\/\/www.colefillesbalears.com\/web\/2021\/01\/12\/aclariments-de-la-direccio-general-desports-sobre-el-boib-de-12-de-gener-de-2021\/?preview=true\" target=\"_blank\" rel=\"noreferrer noopener\">Aclariments de la Direcci\u00f3 General d\u2019Esports sobre el BOIB del 12.01.21<\/a><\/p>\n\n\n\n<p><strong>12\/01\/2021:<\/strong> <a href=\"http:\/\/www.colefillesbalears.com\/web\/wp-content\/uploads\/2021\/01\/FAQS-X_def-1.pdf\" target=\"_blank\" aria-label=\"undefined (abre en una nueva pesta\u00f1a)\" rel=\"noreferrer noopener\">Regulaci\u00f3 esportiva situaci\u00f3 COVID-19 FAQS X Actualitzat a 12\/01\/2021 <strong>(vig\u00e8ncia a partir de 13\/01\/2021)<\/strong><\/a><\/p>\n\n\n\n<p><strong>12\/01\/2021:<\/strong> <a href=\"https:\/\/intranet.caib.es\/sites\/institutestudisautonomics\/ca\/n\/decret_22021_d11_de_gener_de_la_presidenta_de_les_illes_balears_pel_qual_sadopten_mesures_temporals_i_excepcionals_per_rao_de_salut_publica_per_a_la_contencio_de_la_covid-19_a_les_illes_de_mallorca_i_deivissa_a_lempara_de_la_declaracio_de_lestat_dalarma\/\">Decret 2\/2021, d\u201911 de gener, de la presidenta de les Illes Balears, pel qual s\u2019adopten mesures temporals i excepcionals per ra\u00f3 de salut p\u00fablica per a la contenci\u00f3 de la COVID-19 a les illes de Mallorca i d\u2019Eivissa, a l\u2019empara de la declaraci\u00f3 de l\u2019estat d\u2019alarma<\/a><\/p>\n\n\n\n<p><strong>12\/01\/2021:<\/strong> <a href=\"http:\/\/www.caib.es\/eboibfront\/ca\/2021\/11322\/643701\/acord-del-consell-de-govern-d-11-de-gener-de-2021-\" target=\"_blank\" aria-label=\"undefined (abre en una nueva pesta\u00f1a)\" rel=\"noreferrer noopener\">Acord del Consell de Govern d\u201911 de gener de 2021 pel qual s\u2019estableixen els nivells d\u2019alerta sanit\u00e0ria per illes que han de vigir a la comunitat aut\u00f2noma de les Illes Balears, de conformitat amb l\u2019Acord del Consell de Govern de les Illes Balears de 27 de novembre de 2020, i es disposen mesures excepcionals aplicables a l\u2019illa de Mallorca i a la d\u2019Eivissa<\/a><\/p>\n\n\n\n<p><strong>05\/01\/2021:<\/strong> <a aria-label=\"undefined (abre en una nueva pesta\u00f1a)\" href=\"https:\/\/www.caib.es\/eboibfront\/ca\/2021\/11319\/643556\/decret-1-2021-de-4-de-gener-de-la-presidenta-de-le\" target=\"_blank\" rel=\"noreferrer noopener\">Decret 1\/2021, de 4 de gener, de la presidenta de les Illes Balears, pel qual s\u2019adopten mesures temporals i excepcionals per ra\u00f3 de salut p\u00fablica per a la contenci\u00f3 de la COVID-19 a l\u2019illa d\u2019Eivissa, a l\u2019empara de la declaraci\u00f3 de l\u2019estat d\u2019alarma<\/a><\/p>\n\n\n\n<p><strong>05\/01\/2021<\/strong>: <a href=\"https:\/\/www.caib.es\/eboibfront\/ca\/2021\/11319\/643557\/acord-del-consell-de-govern-de-4-de-gener-de-2020-\" target=\"_blank\" aria-label=\"undefined (abre en una nueva pesta\u00f1a)\" rel=\"noreferrer noopener\">Acord del Consell de Govern de 4 de gener de 2020, pel qual s\u2019estableixen els nivells d\u2019alerta sanit\u00e0ria que han de vigir a l\u2019illa d&#8217;Eivissa, de conformitat amb l\u2019Acord del Consell de Govern de les Illes Balears de 27 de novembre de 2020 i alhora s\u2019adopten mesures temporals i excepcionals per ra\u00f3 de salut p\u00fablica per a la contenci\u00f3 de la COVID-19 aplicables a aquesta illa<\/a><\/p>\n\n\n\n<p><strong>29\/12\/2020:<\/strong> <a href=\"https:\/\/www.caib.es\/eboibfront\/ca\/2020\/11316\/643402\/acord-de-28-de-desembre-de-2020-pel-qual-s-estable\">Acord de 28 de desembre de 2020 pel qual s\u2019estableixen els nivells d\u2019alerta sanit\u00e0ria per illes que han de vigir a la comunitat aut\u00f2noma de les Illes Balears, de conformitat amb l\u2019Acord del Consell de Govern de les Illes Balears de 27 de novembre de 2020, i es disposen mesures excepcionals aplicables a l\u2019illa de Mallorca<\/a>. <a href=\"https:\/\/drive.google.com\/file\/d\/1YfA7in9RsQscaXIsYPHU4qtbdyLrTPfe\/view?usp=sharing\">Recordatori normativa situtaci\u00f3 COVID 28\/12\/2020<\/a><\/p>\n\n\n\n<p><strong>23\/12\/2020:<\/strong> <a aria-label=\"undefined (abre en una nueva pesta\u00f1a)\" href=\"http:\/\/www.caib.es\/eboibfront\/ca\/2020\/11313\/643189\/acord-del-consell-de-govern-de-21-de-desembre-de-2\" target=\"_blank\" rel=\"noreferrer noopener\">Acord del Consell de Govern de 21 de desembre de 2020 pel qual s\u2019estableixen els nivells d\u2019alerta sanit\u00e0ria per illes que han de vigir a l\u2019illa de Formentera, de conformitat amb l\u2019Acord del Consell de Govern de les Illes Balears de 27 de novembre de 2020<\/a><\/p>\n\n\n\n<p><strong>19\/12\/2020:<\/strong> <a aria-label=\"undefined (abre en una nueva pesta\u00f1a)\" href=\"http:\/\/www.caib.es\/eboibfront\/ca\/2020\/11312\/643105\/decret-23-2020-de-18-de-desembre-de-la-presidenta-\" target=\"_blank\" rel=\"noreferrer noopener\">Decret 23\/2020, de 18 de desembre, de la presidenta de les Illes Balears, pel qual s\u2019estableixen mesures espec\u00edfiques en el territori de les Illes Balears, durant el per\u00edode de les festes de Nadal, com a conseq\u00fc\u00e8ncia de la declaraci\u00f3 de l\u2019estat d\u2019alarma i per fer front a la situaci\u00f3 d\u2019emerg\u00e8ncia sanit\u00e0ria provocada per la COVID-19<\/a><\/p>\n\n\n\n<p><strong>15\/12\/2020:<\/strong> <a aria-label=\"undefined (abre en una nueva pesta\u00f1a)\" href=\"http:\/\/www.colefillesbalears.com\/web\/wp-content\/uploads\/2020\/12\/FAQS-IX_def.pdf\" target=\"_blank\" rel=\"noreferrer noopener\">Regulaci\u00f3 esportiva situaci\u00f3, COVID-19.  FAQS IX<\/a><\/p>\n\n\n\n<p><strong>15\/12\/2020:<\/strong> <a aria-label=\"undefined (abre en una nueva pesta\u00f1a)\" href=\"http:\/\/www.caib.es\/eboibfront\/ca\/2020\/11311\/642857\/acord-del-consell-de-govern-de-14-de-desembre-de-2\" target=\"_blank\" rel=\"noreferrer noopener\">Acord del Consell de Govern de 14 de desembre de 2020 pel qual s\u2019estableixen els nivells d\u2019alerta sanit\u00e0ria per illes que han de vigir a la comunitat aut\u00f2noma de les Illes Balears i s\u2019introdueixen modificacions puntuals al Pla de Mesures Excepcionals de Prevenci\u00f3, Contenci\u00f3 i Coordinaci\u00f3 per Fer Front a la Crisi Sanit\u00e0ria Ocasionada per la COVID-19, aprovat per l\u2019Acord del Consell de Govern de les Illes Balears de 27 de novembre de 2020<\/a><\/p>\n\n\n\n<p><strong>15\/12\/2020:<\/strong> <a aria-label=\"undefined (abre en una nueva pesta\u00f1a)\" href=\"http:\/\/www.caib.es\/eboibfront\/ca\/2020\/11311\/642859\/decret-22-2020-de-14-de-desembre-de-la-presidenta-\" target=\"_blank\" rel=\"noreferrer noopener\">Decret 22\/2020, de 14 de desembre, de la presidenta de les Illes Balears, pel qual es modifica el Decret 18\/2020, de 27 de novembre, pel qual s\u2019actualitzen les mesures establertes com a conseq\u00fc\u00e8ncia de la declaraci\u00f3 de l\u2019estat d\u2019alarma per fer front a la situaci\u00f3 d\u2019emerg\u00e8ncia sanit\u00e0ria provocada per la COVID-19, i es vinculen als nivells d\u2019alerta sanit\u00e0ria<\/a><\/p>\n\n\n\n<p><strong>14\/12\/2020:<\/strong> <strong>NOTA INFORMATIVA<\/strong>: <a aria-label=\"undefined (abre en una nueva pesta\u00f1a)\" href=\"http:\/\/www.colefillesbalears.com\/web\/wp-content\/uploads\/2020\/12\/suspeses-act.-fed.pdf\" target=\"_blank\" rel=\"noreferrer noopener\">Queden suspeses les competicions esportives federades d\u2019equips mallorquins a la categoria auton\u00f2mica fins al 28 de desembre<\/a><\/p>\n\n\n\n<p><strong>12\/12\/2020:<\/strong> <a aria-label=\"undefined (abre en una nueva pesta\u00f1a)\" href=\"http:\/\/www.caib.es\/eboibfront\/ca\/2020\/11308\/642699\/resolucio-de-la-consellera-d-afers-socials-i-espor\" target=\"_blank\" rel=\"noreferrer noopener\">Resoluci\u00f3 de la consellera d\u2019Afers Socials i Esports de denegaci\u00f3 d\u2019ajudes a l\u2019empara de l\u2019Ordre de la consellera d\u2019Afers Socials i Esports de dia 10 d\u2019agost de 2020 per la qual s\u2019estableixen les bases reguladores i la convocat\u00f2ria extraordin\u00e0ria d\u2019ajuts a la conciliaci\u00f3 destinats a pal\u00b7liar els efectes de la COVID-19 (L\u00ednia C)<\/a><\/p>\n\n\n\n<p><strong>12\/12\/2020:<\/strong> <a aria-label=\"undefined (abre en una nueva pesta\u00f1a)\" href=\"http:\/\/www.caib.es\/eboibfront\/ca\/2020\/11308\/642546\/resolucio-de-la-consellera-d-afers-socials-i-espor\" target=\"_blank\" rel=\"noreferrer noopener\">Resoluci\u00f3 de la consellera d&#8217;Afers Socials i Esports per la qual es determinen les activitats dirigides que es consideren d\u2019intensitat baixa<\/a><\/p>\n\n\n\n<p><strong>10\/12\/2020:<\/strong> <a aria-label=\"undefined (abre en una nueva pesta\u00f1a)\" href=\"https:\/\/twitter.com\/COLEFBalears\/status\/1337298964203376643\" target=\"_blank\" rel=\"noreferrer noopener\">Regulaci\u00f3 esportiva a la fase de nova normalitat. FAQS VIII<\/a><\/p>\n\n\n\n<p><strong>10\/12\/2020:<\/strong> <a href=\"http:\/\/www.caib.es\/eboibfront\/ca\/2020\/11307\/642578\/decret-20-2020-de-9-de-desembre-de-la-presidenta-d\">Decret 20\/2020, de 9 de desembre, de la presidenta de les Illes Balears, pel qual s\u2019adopten mesures temporals i excepcionals per ra\u00f3 de salut p\u00fablica per a la contenci\u00f3 de la COVID-19 a l\u2019illa de Mallorca, a l\u2019empara de la declaraci\u00f3 de l\u2019estat d\u2019alarma<\/a><\/p>\n\n\n\n<p><strong>05\/12\/2020:<\/strong> <a href=\"http:\/\/www.caib.es\/eboibfront\/ca\/2020\/11305\/642507\/resolucio-de-la-consellera-de-salut-i-consum-de-4-\">Resoluci\u00f3 de la consellera de Salut i Consum de 4 de desembre de 2020 per la qual s\u2019adopten mesures temporals i excepcionals per ra\u00f3 de salut p\u00fablica per a la contenci\u00f3 de la COVID-19 al municipi de <strong>sa Pobla<\/strong><\/a><\/p>\n\n\n\n<p><strong>05\/12\/2020:<\/strong> <a aria-label=\"undefined (abre en una nueva pesta\u00f1a)\" href=\"http:\/\/www.caib.es\/eboibfront\/ca\/2020\/11305\/642508\/decret-19-2020-de-4-de-desembre-de-la-presidenta-d\" target=\"_blank\" rel=\"noreferrer noopener\">Decret 19\/2020, de 4 de desembre, de la presidenta de les Illes Balears, pel qual s\u2019adopten mesures temporals i excepcionals per ra\u00f3 de salut p\u00fablica per a la contenci\u00f3 de la COVID-19 en el municipi de <strong>sa Pobla<\/strong>, a l\u2019empara de la declaraci\u00f3 de l\u2019estat d\u2019alarma<\/a><\/p>\n\n\n\n<p><strong>28\/11\/2020:<\/strong> <a aria-label=\"undefined (abre en una nueva pesta\u00f1a)\" href=\"http:\/\/www.colefillesbalears.com\/web\/wp-content\/uploads\/2020\/11\/FAQS-VII_def.pdf\" target=\"_blank\" rel=\"noreferrer noopener\">Regulaci\u00f3 esportiva a la fase de nova normalitat. FAQS VII<\/a><\/p>\n\n\n\n<p><strong>28\/11\/2020:<\/strong> <a aria-label=\"undefined (abre en una nueva pesta\u00f1a)\" href=\"https:\/\/www.caib.es\/eboibfront\/ca\/2020\/11302\/642142\/acord-del-consell-de-govern-de-27-de-novembre-de-2\" target=\"_blank\" rel=\"noreferrer noopener\">Acord del Consell de Govern de 27 de novembre de 2020 pel qual s\u2019estableixen els nivells d\u2019alerta sanit\u00e0ria i s\u2019aprova el nou Pla de Mesures Excepcionals de Prevenci\u00f3, Contenci\u00f3 i Coordinaci\u00f3 per Fer Front a la Crisi Sanit\u00e0ria Ocasionada per la COVID-19<\/a><\/p>\n\n\n\n<p><strong>24\/11\/2020:<\/strong> <a aria-label=\"undefined (abre en una nueva pesta\u00f1a)\" href=\"http:\/\/www.caib.es\/eboibfront\/ca\/2020\/11300\/641913\/decret-17-2020-de-23-de-novembre-de-la-presidenta-\" target=\"_blank\" rel=\"noreferrer noopener\">Decret 17\/2020, de 23 de novembre, de la presidenta de les Illes Balears, pel qual es prorroguen novament les mesures establertes mitjan\u00e7ant el Decret 10\/2020, de 26 d\u2019octubre, de la presidenta de les Illes Balears, pel qual s\u2019estableixen mesures en el territori de les Illes Balears com a conseq\u00fc\u00e8ncia de la declaraci\u00f3 de l\u2019estat d\u2019alarma per fer front a la situaci\u00f3 d&#8217;emerg\u00e8ncia sanit\u00e0ria provocada per la COVID-19<\/a><\/p>\n\n\n\n<p><strong>14\/11\/2020: <\/strong><a aria-label=\"undefined (abre en una nueva pesta\u00f1a)\" href=\"http:\/\/www.caib.es\/eboibfront\/ca\/2020\/11296\/641415\/resolucio-conjunta-del-conseller-d-educacio-univer\" target=\"_blank\" rel=\"noreferrer noopener\">Resoluci\u00f3 conjunta del conseller d\u2019Educaci\u00f3, Universitat i Recerca i de la consellera de Salut i Consum de 10 de novembre de 2020 per la qual es modifiquen la Resoluci\u00f3 conjunta del conseller d\u2019Educaci\u00f3, Universitat i Recerca i de la consellera de Salut i Consum de 6 de juliol de 2020 per la qual s\u2019aproven les mesures excepcionals de prevenci\u00f3 i contenci\u00f3, coordinaci\u00f3 i d\u2019organitzaci\u00f3 i funcionament per fer front a la crisi sanit\u00e0ria ocasionada per la COVID-19 per als centres educatius no universitaris de la comunitat aut\u00f2noma de les Illes Balears per al curs 2020-2021, aix\u00ed com les resolucions conjuntes de 3 i de 25 de setembre de 2020, que la modifiquen<\/a> (annex 2).<\/p>\n\n\n\n<p><strong>14\/11\/2020:<\/strong> <a aria-label=\"undefined (abre en una nueva pesta\u00f1a)\" href=\"http:\/\/www.caib.es\/eboibfront\/ca\/2020\/11296\/641520\/decret-15-2020-de-13-de-novembre-de-la-presidenta-\" target=\"_blank\" rel=\"noreferrer noopener\">Decret 15\/2020, de 13 de novembre, de la presidenta de les Illes Balears, pel qual es prorroguen les mesures establertes mitjan\u00e7ant el Decret 12\/2020, de 29 d\u2019octubre, de la presidenta de les Illes Balears, pel qual s\u2019adopten mesures temporals i excepcionals per ra\u00f3 de salut p\u00fablica per a la contenci\u00f3 de la COVID-19 a l\u2019illa d\u2019Eivissa, a l\u2019empara de la declaraci\u00f3 de l\u2019estat d\u2019alarma<\/a><\/p>\n\n\n\n<p><strong>12\/11\/2020:<\/strong><a aria-label=\"undefined (abre en una nueva pesta\u00f1a)\" href=\"http:\/\/www.caib.es\/eboibfront\/ca\/2020\/11294\/641393\/decret-14-2020-d-11-de-novembre-de-la-presidenta-d\" target=\"_blank\" rel=\"noreferrer noopener\"> Decret 14\/2020, d\u201911 de novembre, de la presidenta de les Illes Balears, pel qual s\u2019introdueixen modificacions i es prorroguen les mesures establertes mitjan\u00e7ant el Decret 11\/2020, de 28 d\u2019octubre, de la presidenta de les Illes Balears, pel qual s\u2019adopten mesures temporals i excepcionals per ra\u00f3 de salut p\u00fablica per a la contenci\u00f3 de la COVID-19 al nucli urb\u00e0 principal del municipi de Manacor, a l\u2019empara de la declaraci\u00f3 de l\u2019estat d\u2019alarma<\/a><\/p>\n\n\n\n<p><strong>09*\/11\/2020: <\/strong><a aria-label=\"undefined (abre en una nueva pesta\u00f1a)\" href=\"http:\/\/www.caib.es\/eboibfront\/ca\/2020\/11295\/641258\/decret-13-2020-de-9-de-novembre-de-la-presidenta-d\" target=\"_blank\" rel=\"noreferrer noopener\">Decret 13\/2020, de 9 de novembre, de la presidenta de les Illes Balears, pel qual es prorroguen les mesures establertes mitjan\u00e7ant el Decret 10\/2020, de 26 d\u2019octubre, de la presidenta de les Illes Balears, pel qual s\u2019estableixen mesures en el territori de les Illes Balears com a conseq\u00fc\u00e8ncia de la declaraci\u00f3 de l\u2019estat d\u2019alarma per fer front a la situaci\u00f3 d&#8217;emerg\u00e8ncia sanit\u00e0ria provocada per la COVID-19<\/a><\/p>\n\n\n\n<p><strong>29*\/10\/2020:<\/strong> <a aria-label=\"undefined (abre en una nueva pesta\u00f1a)\" href=\"http:\/\/www.caib.es\/eboibfront\/ca\/2020\/11289\/640805\/decret-12-2020-de-29-d-octubre-de-la-presidenta-de\" target=\"_blank\" rel=\"noreferrer noopener\">Decret 12\/2020, de 29 d\u2019octubre, de la presidenta de les Illes Balears, pel qual s\u2019adopten mesures temporals i excepcionals per ra\u00f3 de salut p\u00fablica per a la contenci\u00f3 de la COVID-19 a l\u2019illa d\u2019Eivissa, a l\u2019empara de la declaraci\u00f3 de l\u2019estat d\u2019alarma<\/a><\/p>\n\n\n\n<p><strong>28*\/10\/2020: <\/strong><a aria-label=\"undefined (abre en una nueva pesta\u00f1a)\" href=\"http:\/\/www.caib.es\/eboibfront\/ca\/2020\/11288\/640729\/decret-11-2020-de-28-d-octubre-de-la-presidenta-de\" target=\"_blank\" rel=\"noreferrer noopener\">Decret 11\/2020, de 28 d\u2019octubre, de la presidenta de les Illes Balears, pel qual s\u2019adopten mesures temporals i excepcionals per ra\u00f3 de salut p\u00fablica per a la contenci\u00f3 de la COVID-19 al nucli urb\u00e0 principal del municipi de Manacor, a l\u2019empara de la declaraci\u00f3 de l\u2019estat d\u2019alarma<\/a><\/p>\n\n\n\n<p><strong>26*\/10\/2020: <\/strong> <a aria-label=\"undefined (abre en una nueva pesta\u00f1a)\" href=\"http:\/\/www.caib.es\/eboibfront\/ca\/2020\/11286\/640634\/decret-10-2020-de-26-d-octubre-de-la-presidenta-de\" target=\"_blank\" rel=\"noreferrer noopener\">Decret 10\/2020, de 26 d\u2019octubre, de la presidenta de les Illes Balears, pel qual s\u2019estableixen mesures en el territori de les Illes Balears com a conseq\u00fc\u00e8ncia de la declaraci\u00f3 de l\u2019estat d\u2019alarma per fer front a la situaci\u00f3 d&#8217;emerg\u00e8ncia sanit\u00e0ria provocada per la COVID-19<\/a><\/p>\n\n\n\n<p><strong>24\/10\/2020:<\/strong> <a aria-label=\"undefined (abre en una nueva pesta\u00f1a)\" href=\"http:\/\/www.colefillesbalears.com\/web\/wp-content\/uploads\/2020\/10\/FAQS-VI_def_corregit-1.pdf\" target=\"_blank\" rel=\"noreferrer noopener\">Regulaci\u00f3 esportiva a la fase de nova normalitat. FAQS VI<\/a><\/p>\n\n\n\n<p><strong>24\/10\/2020:<\/strong> <a href=\"http:\/\/www.caib.es\/eboibfront\/ca\/2020\/11282\/640545\/resolucio-de-la-consellera-de-salut-i-consum-de-23\" target=\"_blank\" aria-label=\"undefined (abre en una nueva pesta\u00f1a)\" rel=\"noreferrer noopener\">Resoluci\u00f3 de la consellera de Salut i Consum de 23 d\u2019octubre de 2020 per la qual es prorroguen les mesures adoptades mitjan\u00e7ant la resoluci\u00f3 de 9 d\u2019octubre de 2020, s\u2019estableixen limitacions espec\u00edfiques per a les illes d\u2019Eivissa i Mallorca i s\u2019estableix la flexibilitzaci\u00f3 d\u2019algunes mesures per a l\u2019illa de Formentera<\/a><\/p>\n\n\n\n<p><strong>22\/10\/2020: <\/strong> <a aria-label=\"undefined (abre en una nueva pesta\u00f1a)\" href=\"https:\/\/www.caib.es\/\/pidip2front\/jsp\/es\/ficha-convocatoria\/9576450\" target=\"_blank\" rel=\"noreferrer noopener\">COVID-19: Salud dicta una nueva resoluci\u00f3n que establece medidas espec\u00edficas para las islas de Mallorca y Eivissa, y flexibiliza las limitaciones en Formentera<\/a><\/p>\n\n\n\n<p><strong>17\/10\/2020:<\/strong> <a href=\"http:\/\/www.caib.es\/eboibfront\/ca\/2020\/11278\/640132\/resolucio-de-la-consellera-de-salut-i-consum-de-16\" target=\"_blank\" aria-label=\"undefined (abre en una nueva pesta\u00f1a)\" rel=\"noreferrer noopener\">Resoluci\u00f3 de la consellera de Salut i Consum de 16 d\u2019octubre de 2020 per la qual es prorroguen les mesures temporals i excepcionals per ra\u00f3 de salut p\u00fablica per a la contenci\u00f3 de la COVID-19 en el terme municipal d\u2019Eivissa, adoptades mitjan\u00e7ant la resoluci\u00f3 de la consellera de Salut i Consum de 30 de setembre de 2020<\/a><\/p>\n\n\n\n<p><strong>02\/10\/2020:<\/strong> <a aria-label=\"undefined (abre en una nueva pesta\u00f1a)\" href=\"http:\/\/www.caib.es\/eboibfront\/ca\/2020\/11272\/639617\/correccio-d-errades-de-la-resolucio-de-la-conselle\" target=\"_blank\" rel=\"noreferrer noopener\">Correcci\u00f3 d\u2019errades de la resoluci\u00f3 de la consellera de Salut i Consum de 30 de setembre de 2020 per la qual s\u2019adopten mesures temporals i excepcionals per ra\u00f3 de salut p\u00fablica per a la contenci\u00f3 de la COVID-19 en el terme municipal d\u2019Eivissa<\/a><\/p>\n\n\n\n<p><strong>21\/09\/2020:<\/strong> <a aria-label=\"undefined (abre en una nueva pesta\u00f1a)\" href=\"http:\/\/www.colefillesbalears.com\/web\/wp-content\/uploads\/2020\/09\/FAQS-V-Definitiu.pdf\" target=\"_blank\" rel=\"noreferrer noopener\">Regulaci\u00f3 Esportiva a la fase de nova normalitat, FAQS V.<\/a><\/p>\n\n\n\n<p><strong>21\/09\/2020: <\/strong><a href=\"http:\/\/www.caib.es\/eboibfront\/ca\/2020\/11265\/638974\/resolucio-de-la-consellera-de-salut-i-consum-de-18\" target=\"_blank\" aria-label=\"undefined (abre en una nueva pesta\u00f1a)\" rel=\"noreferrer noopener\">Resoluci\u00f3 de la consellera de Salut i Consum de 18 de setembre de 2020 per la qual es modifiquen mesures concretes del Pla de Mesures Excepcionals de Prevenci\u00f3, Contenci\u00f3 i Coordinaci\u00f3 per Fer Front a la Crisi Sanit\u00e0ria Ocasionada per la COVID-19, una vegada superada la fase 3 del Pla per a la Transici\u00f3 cap a una Nova Normalitat, aprovat per Acord del Consell de Govern de les Illes Balears de 19 de juny de 2020<\/a><\/p>\n\n\n\n<p><strong>17\/09\/2020:<\/strong> <a href=\"https:\/\/www.youtube.com\/watch?v=3D35QDRumtM&amp;t=1724s\" target=\"_blank\" aria-label=\"undefined (abre en una nueva pesta\u00f1a)\" rel=\"noreferrer noopener\">Webinar Consejo COLEF: Mascarilla en Educaci\u00f3n F\u00edsica, Actividad F\u00edsica y Deporte en tiempos de la COVID-19<\/a><\/p>\n\n\n\n<p><strong>17\/09\/2020: <\/strong><a aria-label=\"undefined (abre en una nueva pesta\u00f1a)\" href=\"http:\/\/www.caib.es\/eboibfront\/ca\/2020\/11260\/638858\/resolucio-de-la-directora-general-de-personal-doce\" target=\"_blank\" rel=\"noreferrer noopener\">Resoluci\u00f3 de la directora general de Personal Docent de 16 de setembre de 2020 per la qual es preveu el procediment d\u2019adjudicaci\u00f3 de places als aspirants a funcionaris interins docents de la borsa per a substitucions inajornables i de curta durada de tutors responsables de grup dels ensenyaments d\u2019infantil i de prim\u00e0ria i de professors que imparteixin ensenyaments a l\u2019educaci\u00f3 secund\u00e0ria obligat\u00f2ria que hagin d\u2019estar en quarantena per causes directament relacionades amb la COVID-19<\/a><\/p>\n\n\n\n<p><strong>16*\/09\/2020:<\/strong><\/p>\n\n\n\n<ul>\n<li><a href=\"http:\/\/www.caib.es\/eboibfront\/ca\/2020\/11262\/638857\/resolucio-de-la-consellera-de-salut-i-consum-de-15\" target=\"_blank\" aria-label=\"undefined (abre en una nueva pesta\u00f1a)\" rel=\"noreferrer noopener\">Resoluci\u00f3 de la consellera de Salut i Consum de 15 de setembre de 2020 per la qual s\u2019adopten mesures temporals i excepcionals per ra\u00f3 de salut p\u00fablica per a la contenci\u00f3 de la COVID-19 a zones urbanes perimetralment delimitades compreses dins les zones b\u00e0siques de salut de l\u2019Eixample i Es Viver en el municipi d\u2019Eivissa<\/a><\/li>\n<\/ul>\n\n\n\n<ul>\n<li><a href=\"http:\/\/www.caib.es\/eboibfront\/ca\/2020\/11262\/638856\/resolucio-de-la-consellera-de-salut-i-consum-de-15\" target=\"_blank\" aria-label=\"undefined (abre en una nueva pesta\u00f1a)\" rel=\"noreferrer noopener\">Resoluci\u00f3 de la consellera de Salut i Consum de 15 de setembre de 2020 per la qual s\u2019adopten mesures temporals i excepcionals per ra\u00f3 de salut p\u00fablica per a la contenci\u00f3 de la COVID-19 a zones urbanes perimetralment delimitades compreses dins de la zona b\u00e0sica de salut de Sant Antoni de Portmany<\/a><\/li>\n<\/ul>\n\n\n\n<ul>\n<li><a href=\"http:\/\/www.caib.es\/eboibfront\/ca\/2020\/11262\/638847\/resolucio-de-la-consellera-de-salut-i-consum-de-15\">Resoluci\u00f3 de la consellera de Salut i Consum de 15 de setembre de 2020 per la qual s\u2019adopten mesures temporals i excepcionals per ra\u00f3 de salut p\u00fablica per a la contenci\u00f3 de la COVID-19 a zones urbanes perimetralment delimitades compreses dins la zona b\u00e0sica de salut d\u2019Arquitecte Benn\u00e0zar en el municipi de Palma<\/a><\/li>\n<\/ul>\n\n\n\n<p><strong>15\/09\/2020:<\/strong> <a href=\"http:\/\/www.caib.es\/eboibfront\/ca\/2020\/11259\/638753\/secretaria-de-la-junta-de-govern-decret-de-batlia-\" target=\"_blank\" aria-label=\"undefined (abre en una nueva pesta\u00f1a)\" rel=\"noreferrer noopener\">Secretaria de la Junta de Govern. Decret de batlia n\u00fam. 202013611 de mesures de tancament temporal de pistes esportives municipals de l&#8217;Ajuntament de Palma per a la contenci\u00f3 del covid-19<\/a><\/p>\n\n\n\n<p><strong>12\/09\/2020:<\/strong> <a href=\"http:\/\/www.andratx.cat\/portal\/RecursosWeb\/DOCUMENTOS\/1\/0_10222_1.pdf\" target=\"_blank\" aria-label=\"undefined (abre en una nueva pesta\u00f1a)\" rel=\"noreferrer noopener\">Regulaci\u00f3 esportiva a la fase de nova normalitat. FAQS IV<\/a><\/p>\n\n\n\n<p><strong>12\/09\/2020:<\/strong> <a href=\"http:\/\/www.caib.es\/eboibfront\/ca\/2020\/11257\/638735\/resolucio-de-la-consellera-de-salut-i-consum-d-11-\" target=\"_blank\" aria-label=\"undefined (abre en una nueva pesta\u00f1a)\" rel=\"noreferrer noopener\">Resoluci\u00f3 de la consellera de Salut i Consum d\u201911 de setembre de 2020 per la qual es prorroguen les mesures adoptades mitjan\u00e7ant la Resoluci\u00f3 de 28 d\u2019agost de 2020 i es modifiquen mesures concretes del Pla de Mesures Excepcionals de Prevenci\u00f3, Contenci\u00f3 i Coordinaci\u00f3 per Fer Front a la Crisi Sanit\u00e0ria Ocasionada per la COVID-19, una vegada superada la fase 3 del Pla per a la Transici\u00f3 cap a una Nova Normalitat, aprovat per Acord del Consell de Govern de les Illes Balears de 19 de juny de 2020<\/a><\/p>\n\n\n\n<p class=\"has-normal-font-size\"><strong>05\/09\/2020: <\/strong> <a href=\"http:\/\/www.caib.es\/eboibfront\/ca\/2020\/11253\/638460\/resolucio-conjunta-del-conseller-d-educacio-univer\" target=\"_blank\" aria-label=\"undefined (abre en una nueva pesta\u00f1a)\" rel=\"noreferrer noopener\">Resoluci\u00f3 conjunta del conseller d\u2019Educaci\u00f3, Universitat i Recerca i de la consellera de Salut i Consum de 3 de setembre de 2020 per la qual es modifica la Resoluci\u00f3 conjunta del conseller d\u2019Educaci\u00f3, Universitat i Recerca i de la consellera de Salut i Consum de 6 de juliol de 2020 per la qual s\u2019aproven les mesures excepcionals de prevenci\u00f3 i contenci\u00f3, coordinaci\u00f3 i d\u2019organitzaci\u00f3 i funcionament per fer front a la crisi sanit\u00e0ria ocasionada per la COVID-19 per als centres educatius no universitaris de la comunitat aut\u00f2noma de les Illes Balears per al curs 2020-2021<\/a><\/p>\n\n\n\n<h5 class=\"wp-block-heading\">03\/09\/2020: ACTUALITZACI\u00d3. <a aria-label=\"undefined (abre en una nueva pesta\u00f1a)\" href=\"https:\/\/drive.google.com\/file\/d\/1Ti6HK8Rekg1_43MrvVlPZSYc8lO2_ICb\/view?usp=sharing\" target=\"_blank\" rel=\"noreferrer noopener\">Llistat d&#8217;esports d&#8217;equips amb car\u00e0cter estatal que poden entrenar amb contacte. La resta de lligues ho han de fer amb distanciament social, almenys durant 15 dies m\u00e9s.<\/a><\/h5>\n\n\n\n<h5 class=\"wp-block-heading\">28\/08\/2020: <a href=\"https:\/\/drive.google.com\/file\/d\/1kLzPsPn0QRdD3B0wcSXhJUTP8KMazaHH\/view?usp=sharing\" target=\"_blank\" aria-label=\"undefined (abre en una nueva pesta\u00f1a)\" rel=\"noreferrer noopener\">Regulaci\u00f3 esportiva a la fase de nova normalitat. FAQS III<\/a><\/h5>\n\n\n\n<h5 class=\"wp-block-heading\">28\/08\/2020: <a href=\"http:\/\/www.caib.es\/eboibfront\/ca\/2020\/11251\/638203\/resolucio-de-la-consellera-de-salut-i-consum-de-28\" target=\"_blank\" aria-label=\"undefined (abre en una nueva pesta\u00f1a)\" rel=\"noreferrer noopener\">Resoluci\u00f3 de la consellera de Salut i Consum de 28 d&#8217;agost de 2020 per la qual es modifiquen mesures concretes del Pla de Mesures Excepcionals de Prevenci\u00f3, Contenci\u00f3 i Coordinaci\u00f3 per Fer Front a la Crisi Sanit\u00e0ria Ocasionada per la COVID-19, una vegada superada la fase 3 del Pla per a la Transici\u00f3 cap a una Nova Normalitat, aprovat per Acord del Consell de Govern de les Illes Balears de 19 de juny de 2020<\/a><\/h5>\n\n\n\n<h5 class=\"wp-block-heading\">28\/08\/2020: <a href=\"https:\/\/drive.google.com\/file\/d\/1R50VuK8Wa-Rq6kk7HVrZamN96pqkhxlp\/view?usp=sharing\" target=\"_blank\" aria-label=\"undefined (abre en una nueva pesta\u00f1a)\" rel=\"noreferrer noopener\">Llistat d&#8217;esports d&#8217;equips amb car\u00e0cter estatal que poden entrenar amb contacte. La resta de lligues ho han de fer amb distanciament social, almenys durant 15 dies m\u00e9s.<\/a><\/h5>\n\n\n<div class=\"wp-block-image\">\n<figure class=\"aligncenter size-full\"><img decoding=\"async\" src=\"http:\/\/www.colefillesbalears.com\/web\/wp-content\/uploads\/2020\/08\/noves-mesures-28082020.jpg\" alt=\"\" class=\"wp-image-4996\"\/><\/figure><\/div>\n\n\n<figure class=\"wp-block-image\"><img decoding=\"async\" src=\"http:\/\/www.colefillesbalears.com\/web\/wp-content\/uploads\/2020\/08\/mesures-inici-curs.jpeg\" alt=\"\" class=\"wp-image-4979\"\/><\/figure>\n\n\n\n<div class=\"wp-block-group alignwide is-layout-flow\"><div class=\"wp-block-group__inner-container\">\n<div class=\"wp-block-group alignwide is-layout-flow\"><div class=\"wp-block-group__inner-container\">\n<div class=\"wp-block-media-text alignwide is-stacked-on-mobile is-vertically-aligned-center\"><figure class=\"wp-block-media-text__media\"><img decoding=\"async\" src=\"http:\/\/www.colefillesbalears.com\/web\/wp-content\/uploads\/2020\/08\/mesures-inici-curs_grups-2-1024x1024.jpeg\" alt=\"\" class=\"wp-image-4989 size-full\"\/><\/figure><div class=\"wp-block-media-text__content\">\n<figure class=\"wp-block-gallery has-nested-images columns-default is-cropped wp-block-gallery-11 is-layout-flex\">\n<figure class=\"wp-block-image size-large\"><img decoding=\"async\" src=\"http:\/\/www.colefillesbalears.com\/web\/wp-content\/uploads\/2020\/08\/mesures-inici-curs_anar-1-1024x1024.jpeg\" alt=\"\" class=\"wp-image-4991\"\/><\/figure>\n<\/figure>\n\n\n\n<figure class=\"wp-block-image size-large\"><img decoding=\"async\" src=\"http:\/\/www.colefillesbalears.com\/web\/wp-content\/uploads\/2020\/08\/mesures-inici-de-curs_positius-1-1024x1024.jpeg\" alt=\"\" class=\"wp-image-4992\"\/><\/figure>\n\n\n\n<figure class=\"wp-block-image size-large\"><img decoding=\"async\" src=\"http:\/\/www.colefillesbalears.com\/web\/wp-content\/uploads\/2020\/08\/mesures-inici-curs_prevencio-1-1024x1024.jpeg\" alt=\"\" class=\"wp-image-4993\"\/><\/figure>\n<\/div><\/div>\n<\/div><\/div>\n<\/div><\/div>\n\n\n\n<div class=\"wp-block-group is-layout-flow\"><div class=\"wp-block-group__inner-container\"><\/div><\/div>\n\n\n\n<figure class=\"wp-block-image size-full\"><img decoding=\"async\" src=\"http:\/\/www.colefillesbalears.com\/web\/wp-content\/uploads\/2020\/08\/protocol-ai\u0308llament.jpg\" alt=\"\" class=\"wp-image-4978\"\/><\/figure>\n\n\n<div class=\"wp-block-image\">\n<figure class=\"aligncenter size-full\"><img decoding=\"async\" src=\"http:\/\/www.colefillesbalears.com\/web\/wp-content\/uploads\/2020\/08\/mesures-des-del-18-dagost.jpg\" alt=\"\" class=\"wp-image-4977\"\/><\/figure><\/div>\n\n\n<h4 class=\"wp-block-heading\">18\/08\/2020: <a aria-label=\"undefined (abre en una nueva pesta\u00f1a)\" href=\"http:\/\/www.caib.es\/eboibfront\/ca\/2020\/11245\/637920\/resolucio-de-la-consellera-de-salut-i-consum-de-18\" target=\"_blank\" rel=\"noreferrer noopener\">Resoluci\u00f3 de la consellera de Salut i Consum de 18 d&#8217;agost de 2020 per la qual es modifiquen mesures concretes del Pla de Mesures Excepcionals de Prevenci\u00f3, Contenci\u00f3 i Coordinaci\u00f3 per Fer Front a la Crisi Sanit\u00e0ria Ocasionada per la COVID-19, una vegada superada la fase 3 del Pla per a la Transici\u00f3 cap a una Nova Normalitat, aprovat per Acord del Consell de Govern de les Illes Balears de 19 de juny de 2020<\/a><\/h4>\n\n\n\n<h4 class=\"wp-block-heading\">18\/08\/2020: <a href=\"https:\/\/drive.google.com\/file\/d\/1PXWD06Ip0se4u52_DHMsU1ANH5Z9cYtE\/view?usp=sharing\" target=\"_blank\" aria-label=\"undefined (abre en una nueva pesta\u00f1a)\" rel=\"noreferrer noopener\">Regulaci\u00f3 esportiva a la fase de nova normalitat. FAQS II<\/a><\/h4>\n\n\n\n<h4 class=\"wp-block-heading\">11\/08\/2020: <a href=\"http:\/\/www.caib.es\/eboibfront\/ca\/2020\/11239\/637615\/ordre-de-la-consellera-d-afers-socials-i-esports-d\" target=\"_blank\" aria-label=\"undefined (abre en una nueva pesta\u00f1a)\" rel=\"noreferrer noopener\">Ordre de la consellera d\u2019Afers Socials i Esports de dia 10 d\u2019agost de 2020 per la qual s\u2019estableixen les bases reguladores i la convocat\u00f2ria extraordin\u00e0ria d&#8217;ajuts a la conciliaci\u00f3 destinats a pal\u00b7liar els efectes de la COVID-19&nbsp;<\/a>(ajuts a aut\u00f2noms, persones jur\u00eddiques p\u00fabliques o privades, amb \u00e0nim de lucre o sense, per a la contractaci\u00f3 de personal monitor de suport a les escoles d&#8217;estiu i campus esportius per a participants amb necessitat de suport generalitzat o amb grau de discapacitat reconegut superior al 75%.)<\/h4>\n\n\n\n<h4 class=\"wp-block-heading\">13\/07\/2020: <a href=\"http:\/\/www.caib.es\/eboibfront\/ca\/2020\/11224\/636538\/resolucio-de-la-consellera-de-salut-i-consum-de-13\">Resoluci\u00f3 de la consellera de Salut i Consum de 13 de juliol de 2020 per la qual es modifiquen mesures concretes del Pla de Mesures Excepcionals de Prevenci\u00f3, Contenci\u00f3 i Coordinaci\u00f3 per Fer Front a la Crisi Sanit\u00e0ria Ocasionada per la COVID- 19, una vegada superada la fase 3 del Pla per a la Transici\u00f3 cap a una Nova Normalitat, aprovat per Acord del Consell de Govern de les Illes Balears de 19 de juny de 2020<\/a><\/h4>\n\n\n\n<h4 class=\"wp-block-heading\">20\/06\/2020: <a href=\"https:\/\/drive.google.com\/file\/d\/15KhC75WOLAVHwBwtJ5Aqd04_LkDZgjX-\/view?usp=sharing\" target=\"_blank\" rel=\"noreferrer noopener\">Regulaci\u00f3 esportiva a la fase de la nova normalitat.<\/a><\/h4>\n\n\n\n<h4 class=\"wp-block-heading\">20\/06\/2020: <a href=\"http:\/\/www.caib.es\/eboibfront\/ca\/2020\/11210\/635597\/acord-del-consell-de-govern-de-19-de-juny-de-2020-\" target=\"_blank\" rel=\"noreferrer noopener\">Acord del Consell de Govern de 19 de juny de 2020 pel qual s\u2019aprova el Pla de Mesures Excepcionals de Prevenci\u00f3, Contenci\u00f3 i Coordinaci\u00f3 per Fer Front a la Crisi Sanit\u00e0ria Ocasionada per la COVID-19, una vegada superada la fase 3 del Pla per a la Transici\u00f3 cap a una Nova Normalitat<\/a><\/h4>\n\n\n\n<h4 class=\"wp-block-heading\">17\/06\/2020: <a href=\"http:\/\/www.unionprofesional.com\/GUIA_COVID19_DEF_JUNIO2020.pdf\">Guia \u00abLas profesiones colegiadas antes el COVID-19\u00bb<\/a><\/h4>\n\n\n\n<h4 class=\"wp-block-heading\">16\/06\/2020: <a href=\"https:\/\/www.consejo-colef.es\/post\/covid19-codigos-boe\">Normativa ordenada crisis de la COVID-19<\/a><\/h4>\n\n\n\n<h4 class=\"wp-block-heading\">08\/06\/2020: <a href=\"http:\/\/www.caib.es\/eboibfront\/ca\/2020\/11204\/634979\/decret-3-2020-de-7-de-juny-de-la-presidenta-de-les\" target=\"_blank\" rel=\"noreferrer noopener\">Decret 3\/2020, de 7 de juny, de la presidenta de les Illes Balears pel qual s\u2019estableixen mesures de flexibilitzaci\u00f3, regulaci\u00f3 i graduaci\u00f3 de determinades restriccions en l\u2019\u00e0mbit de Illes Balears establertes durant la declaraci\u00f3 de l\u2019estat d\u2019alarma, en aplicaci\u00f3 de la fase III del Pla per a la transici\u00f3 cap a una nova normalitat<\/a><\/h4>\n\n\n\n<h4 class=\"wp-block-heading\">03\/06\/2020: <a href=\"https:\/\/drive.google.com\/file\/d\/1ksqZFPc-E5vs-t2lCJkFp0CZlEJXICbA\/view?usp=sharing\" target=\"_blank\" rel=\"noreferrer noopener\">FAQs Esports Fase 2. Actualitzaci\u00f3 31052020<\/a><\/h4>\n\n\n\n<h4 class=\"wp-block-heading\">03\/06\/2020: <strong><a rel=\"noreferrer noopener\" href=\"https:\/\/www.consejo-colef.es\/post\/covid19-mayores\" target=\"_blank\">CONSEJOS PARA UNA PR\u00c1CTICA DE ACTIVIDAD F\u00cdSICA SEGURA Y SALUDABLE EN PERSONAS MAYORES DURANTE LA DESESCALADA<\/a><\/strong><\/h4>\n\n\n\n<h4 class=\"wp-block-heading\">02\/06\/2020: <a rel=\"noreferrer noopener\" href=\"https:\/\/www.consejo-colef.es\/post\/covid19-fase3\" target=\"_blank\">Fase 3 en el sector deportivo, primera Orden que lo regula<\/a><\/h4>\n\n\n\n<h4 class=\"wp-block-heading\">01\/06\/2020: <a href=\"http:\/\/www.caib.es\/sites\/covid-19\/ca\/covid-19\/?campa=yes\" target=\"_blank\" rel=\"noreferrer noopener\">P\u00e0gina d&#8217;informaci\u00f3 sanit\u00e0ria i econ\u00f2mica CAIB<\/a><\/h4>\n\n\n\n<h4 class=\"wp-block-heading\">30\/05\/2020: <a href=\"https:\/\/www.consejo-colef.es\/post\/covid19-erte-errores\" target=\"_blank\" rel=\"noreferrer noopener\">Gu\u00eda de errores en el reconocimiento de prestaciones de un ERTE<\/a><\/h4>\n\n\n\n<h4 class=\"wp-block-heading\">28\/05\/2020: <a href=\"https:\/\/drive.google.com\/open?id=1Knymeu2jFf9J1pP6-wiAay2OvlaPLzpz\" target=\"_blank\" rel=\"noreferrer noopener\">Informe en relaci\u00f3 a l&#8217;afectaci\u00f3 de la pr\u00e0ctica de l&#8217;activitat f\u00edsica i l&#8217;esport a les Illes Balears de la publicaci\u00f3 SND\/445\/2020 de 26 de maig. Direcci\u00f3 general d&#8217;Esports. Govern de les Illes Balears<\/a><\/h4>\n\n\n\n<h4 class=\"wp-block-heading\">27\/05\/2020: <em><a rel=\"noreferrer noopener\" href=\"https:\/\/www.boe.es\/diario_boe\/txt.php?id=BOE-A-2020-5323\" target=\"_blank\">Orden SND\/445\/2020, de 26 de mayo, por la que se modifica la Orden SND\/271\/2020, de 19 de marzo, por la que se establecen instrucciones sobre gesti\u00f3n de residuos en la situaci\u00f3n de crisis sanitaria ocasionada por el COVID-19 y la Orden SND\/414\/2020, de 16 de mayo, para la flexibilizaci\u00f3n de determinadas restricciones de \u00e1mbito nacional establecidas tras la declaraci\u00f3n del estado de alarma en aplicaci\u00f3n de la fase 2 del Plan para la transici\u00f3n hacia una nueva normalidad.<\/a><\/em><\/h4>\n\n\n\n<h4 class=\"wp-block-heading\">26\/05\/2020: F<a href=\"https:\/\/drive.google.com\/open?id=1SbVdjvBf5oMRM-PeF5485b0fYg2RlxqE\" target=\"_blank\" rel=\"noreferrer noopener\">AQs Esports Fase 2 actualitzaci\u00f3<\/a><\/h4>\n\n\n\n<h4 class=\"wp-block-heading\">23\/05\/2020: <a rel=\"noreferrer noopener\" href=\"https:\/\/www.boe.es\/diario_boe\/txt.php?id=BOE-A-2020-5265\" target=\"_blank\">Orden SND\/440\/2020, de 23 de mayo, por la que se modifican diversas \u00f3rdenes para una mejor gesti\u00f3n de la crisis sanitaria ocasionada por el COVID-19 en aplicaci\u00f3n del Plan para la transici\u00f3n hacia una nueva<br>normalidad<\/a><\/h4>\n\n\n\n<h4 class=\"wp-block-heading\">22\/05\/2020: <a href=\"https:\/\/drive.google.com\/open?id=1SbVdjvBf5oMRM-PeF5485b0fYg2RlxqE\" target=\"_blank\" rel=\"noreferrer noopener\">FAQs Esports Fase 2<\/a><\/h4>\n\n\n\n<h4 class=\"wp-block-heading\">20\/05\/2020: <a href=\"https:\/\/www.consejo-colef.es\/post\/covid19-fase2\" target=\"_blank\" rel=\"noreferrer noopener\">Medidas de la fase 2 en el sector deportivo<\/a><\/h4>\n\n\n\n<h4 class=\"wp-block-heading\">20\/05\/2020: <a rel=\"noreferrer noopener\" href=\"https:\/\/drive.google.com\/open?id=1Ee_Q_EReATYIHMFkn11PTkifhldMeH6J\" target=\"_blank\">FAQs Esports Fase 1_actualitzaci\u00f3<\/a><\/h4>\n\n\n\n<h4 class=\"wp-block-heading\">19\/05\/2020: <a href=\"https:\/\/static.wixstatic.com\/media\/9bd96f_c7fbbcdb37934c8290ea90e0c8a025f3~mv2.png\/v1\/fill\/w_740,h_659,al_c,q_90,usm_0.66_1.00_0.01\/9bd96f_c7fbbcdb37934c8290ea90e0c8a025f3~mv2.webp\" target=\"_blank\" rel=\"noreferrer noopener\">Dec\u00e1logo de recomendaciones para informar a la ciudadan\u00eda con rigor sobre la actividad f\u00edsica, educaci\u00f3n f\u00edsica y deporte<\/a><\/h4>\n\n\n\n<h4 class=\"wp-block-heading\">16\/05\/2020: <a href=\"https:\/\/www.boe.es\/buscar\/act.php?id=BOE-A-2020-5088\" target=\"_blank\" rel=\"noreferrer noopener\">Orden SND\/414\/2020, de 16 de mayo, para la flexibilizaci\u00f3n de determinadas restricciones de \u00e1mbito nacional establecidas tras la declaraci\u00f3n del estado de alarma en aplicaci\u00f3n de la fase 2 del Plan para la transici\u00f3n hacia una nueva normalidad<\/a>.<\/h4>\n\n\n\n<h4 class=\"wp-block-heading\">14\/05\/2020: <a href=\"https:\/\/drive.google.com\/open?id=1LDFqjVvpNLpRr2BO8q4Gh4Xo-JpOFnxo\" target=\"_blank\" rel=\"noreferrer noopener\">Recomendaciones para la apertura de la actividad en las piscinas tras la crisis del COVID-19<\/a><\/h4>\n\n\n\n<h4 class=\"wp-block-heading\">14\/05\/2020: <a rel=\"noreferrer noopener\" href=\"https:\/\/drive.google.com\/drive\/folders\/16M2AH4XLBsj_fz26v20hURU-ZaiKiDp6\" target=\"_blank\">Mesures d&#8217;higiene i prevenci\u00f3 per el Educadors\/es F\u00edsics Esportius\/ves i els seus centres de treball<\/a><\/h4>\n\n\n\n<h4 class=\"wp-block-heading\">13\/05\/2020: <a href=\"https:\/\/www.consejo-colef.es\/post\/covid19-fase1\" target=\"_blank\" rel=\"noreferrer noopener\">Els\/les educadors\/es f\u00edsic esportiu davant la fase 1<\/a><\/h4>\n\n\n\n<h4 class=\"wp-block-heading\">11\/05\/2020: <a href=\"https:\/\/drive.google.com\/open?id=1UaSVshWlh36ivE8uYH_I3XYOilXe5D2x\" target=\"_blank\" rel=\"noreferrer noopener\">FAQs Esports Fase 1<\/a><\/h4>\n\n\n\n<h4 class=\"wp-block-heading\">09\/05\/2020: <em><a href=\"https:\/\/drive.google.com\/open?id=1eK4IkWeOKAiu4mwjm9nvpv1HniQzKr2S\" target=\"_blank\" rel=\"noreferrer noopener\">Orden SND\/399\/2020, de 9 de mayo, para la flexibilizaci\u00f3n de determinadas restricciones de \u00e1mbito nacional, establecidas tras la declaraci\u00f3n del estado de alarma en aplicaci\u00f3n de la fase 1 del Plan para la transici\u00f3n hacia una nueva normalidad.<\/a><\/em><\/h4>\n\n\n\n<h4 class=\"wp-block-heading\">09\/05\/2020: &nbsp;<strong><a href=\"https:\/\/drive.google.com\/file\/d\/1xwicFAc7TVlQPS8BdDgy1gkxq0p93CJ4\/view?usp=sharing\" target=\"_blank\" rel=\"noreferrer noopener\">Recomendaciones para la apertura de la actividad en las piscinas tras la crisis del COVID-19&nbsp;<\/a><\/strong><\/h4>\n\n\n\n<h4 class=\"wp-block-heading\">08\/05\/2020: &nbsp;<a href=\"https:\/\/drive.google.com\/open?id=1ZxjkZZ2Mqg4lx3InKzeB2F7udgeZHGpG\" target=\"_blank\" rel=\"noreferrer noopener\"><strong>INFORME SOBRE TRANSMISI\u00d3N DEL SARS-CoV-2 EN PLAYAS Y PISCINA<\/strong>S<\/a><\/h4>\n\n\n\n<h4 class=\"wp-block-heading\">06\/05\/2020: <a rel=\"noreferrer noopener\" href=\"https:\/\/www.boe.es\/diario_boe\/txt.php?id=BOE-A-2020-4837\" target=\"_blank\">Resoluci\u00f3n de 4 de mayo de 2020, de la Presidencia del Consejo Superior de Deportes, por la que se aprueba y publica el Protocolo b\u00e1sico de actuaci\u00f3n para la vuelta a los entrenamientos y el reinicio de las competiciones federadas y profesionales.<\/a><\/h4>\n\n\n\n<h4 class=\"wp-block-heading has-text-align-left\">05\/05\/2020: Consejo Superior de Deportes&nbsp;ha habilitat una nova i \u00fanica adre\u00e7a de correu electr\u00f2nic per dubtes relatius a la desescalada del sector esportiu, mitjan\u00e7ant la qual qualsevol persona, entitat o instituci\u00f3 hi pot enviar els dubtes que tenguin.<br>L&#8217;adre\u00e7a \u00e9s:&nbsp;<strong><em><a rel=\"noreferrer noopener\" href=\"mailto:desescalada@csd.gob.es\" target=\"_blank\">desescalada@csd.gob.es<\/a><\/em><\/strong><\/h4>\n\n\n\n<h4 class=\"wp-block-heading\">05\/05\/2020: <strong><a href=\"https:\/\/drive.google.com\/open?id=1AgMBzvKaNg8DmJIKCsaPHnQPWjsR4qzE\">FAQs Esports<\/a><\/strong><\/h4>\n\n\n\n<h4 class=\"wp-block-heading\">05\/05\/2020: <a href=\"https:\/\/www.consejo-colef.es\/post\/covid19-servicios-fase0\">Petici\u00f3n de aclaraci\u00f3n sobre el inicio de los servicios de los\/as EFD en la fase 0<\/a>  <strong>EL CONSEJO COLEF SOLICITA AL MINISTERIO DE SANIDAD UNA ACLARACI\u00d3N SOBRE EL INICIO DE LOS SERVICIOS PROFESIONALES DE LOS\/AS EDUCADORES\/AS F\u00cdSICO DEPORTIVOS\/AS<\/strong><\/h4>\n\n\n\n<h4 class=\"wp-block-heading\">04\/05\/2020: <a href=\"https:\/\/drive.google.com\/file\/d\/1mPUfWs5xcuGtrrlPh1dA2B-xt5nyg43j\/view?usp=sharing\" target=\"_blank\" rel=\"noreferrer noopener\">ACLARIMENTS SOBRE LES MESURES DE REACTIVACI\u00d3 DEL SECTOR ESPORTIU (FASE 0)<\/a><\/h4>\n\n\n\n<h4 class=\"wp-block-heading\">04\/05\/2020: D\u00e9calogo de recomendaciones para deportistas profesionales y federados. Incorporaci\u00f3n a la nueva normalidad<\/h4>\n\n\n<div class=\"wp-block-image\">\n<figure class=\"aligncenter size-full\"><img decoding=\"async\" loading=\"lazy\" width=\"1600\" height=\"1153\" src=\"http:\/\/www.colefillesbalears.com\/web\/wp-content\/uploads\/2020\/05\/WhatsApp-Image-2020-05-03-at-22.14.37.jpeg\" alt=\"\" class=\"wp-image-4779\" srcset=\"https:\/\/www.colefillesbalears.com\/web\/wp-content\/uploads\/2020\/05\/WhatsApp-Image-2020-05-03-at-22.14.37.jpeg 1600w, https:\/\/www.colefillesbalears.com\/web\/wp-content\/uploads\/2020\/05\/WhatsApp-Image-2020-05-03-at-22.14.37-768x553.jpeg 768w\" sizes=\"(max-width: 1600px) 100vw, 1600px\" \/><\/figure><\/div>\n\n\n<h4 class=\"wp-block-heading\">03\/05\/2020: <a href=\"https:\/\/www.boe.es\/buscar\/doc.php?id=BOE-A-2020-4793\">Orden SND\/388\/2020, de 3 de mayo, por la que se establecen las condiciones para la apertura al p\u00fablico de determinados comercios y servicios, y la apertura de archivos, as\u00ed como para la pr\u00e1ctica del deporte<br>profesional y federado.<\/a><\/h4>\n\n\n\n<h4 class=\"wp-block-heading\">02\/05\/2020: <a href=\"https:\/\/www.consejo-colef.es\/post\/covid19-csd-2\">Recomendaciones para salir a la calle a realizar actividad f\u00edsica con seguridad<\/a><\/h4>\n\n\n\n<h4 class=\"wp-block-heading\">01\/05\/2020: <a href=\"https:\/\/www.boe.es\/diario_boe\/txt.php?id=BOE-A-2020-4767\">Orden SND\/380\/2020, de 30 de abril, sobre las condiciones en las que se puede realizar actividad f\u00edsica no profesional al aire libre durante la situaci\u00f3n de crisis sanitaria ocasionada por el COVID-19.<\/a><\/h4>\n\n\n\n<h4 class=\"wp-block-heading\">30\/05\/2020: Franges hor\u00e0ries en les sortides per a passejar i fer esport. A partir del 2 de maig del 2020<\/h4>\n\n\n<div class=\"wp-block-image\">\n<figure class=\"aligncenter size-full\"><img decoding=\"async\" loading=\"lazy\" width=\"576\" height=\"960\" src=\"http:\/\/www.colefillesbalears.com\/web\/wp-content\/uploads\/2020\/05\/95581350_10156765464226059_6592437171980861440_o.jpg\" alt=\"\" class=\"wp-image-4777\" srcset=\"https:\/\/www.colefillesbalears.com\/web\/wp-content\/uploads\/2020\/05\/95581350_10156765464226059_6592437171980861440_o.jpg 576w, https:\/\/www.colefillesbalears.com\/web\/wp-content\/uploads\/2020\/05\/95581350_10156765464226059_6592437171980861440_o-768x1280.jpg 768w\" sizes=\"(max-width: 576px) 100vw, 576px\" \/><\/figure><\/div>\n\n\n<h4 class=\"wp-block-heading\">29\/04\/2020: <a href=\"https:\/\/drive.google.com\/file\/d\/1M8lxHV6dianc5cOqbzuk5bRydauOWDdM\/view?usp=sharing\" target=\"_blank\" rel=\"noreferrer noopener\">ACLARIMENTS SOBRE LES MESURES DE REACTIVACI\u00d3 DEL SECTOR ESPORTIU. DOCUMENT CONSELLERIA D&#8217;AFERS SOCIALS I ESPORTS. CAIB<\/a><\/h4>\n\n\n\n<h4 class=\"wp-block-heading\"><a rel=\"noreferrer noopener\" href=\"https:\/\/drive.google.com\/file\/d\/19OHYVw85wEPYheeGDCkzZZuoxFGmHZSA\/view?usp=sharing\" target=\"_blank\">Anexo II: sector esportiu<\/a><\/h4>\n\n\n\n<h4 class=\"wp-block-heading\">28\/04\/2020 <a rel=\"noreferrer noopener\" href=\"https:\/\/www.mscbs.gob.es\/gabinete\/notasPrensa.do?id=4884\" target=\"_blank\">Plan para la transici\u00f3n hacia una nueva normalidad<\/a><\/h4>\n\n\n\n<p><a rel=\"noreferrer noopener\" href=\"https:\/\/www.lamoncloa.gob.es\/consejodeministros\/resumenes\/Documents\/2020\/28042020_Anexo%20II%20FASES.pdf\" target=\"_blank\">Anexo II: PREVISI\u00d3N ORIENTATIVA PARA EL LEVANTAMIENTO DE LAS<br>LIMITACIONES DE \u00c1MBITO NACIONAL ESTABLECIDAS EN EL ESTADO DE<br>ALARMA, EN FUNCI\u00d3N DE LAS FASES DE TRANSICI\u00d3N A UNA NUEVA<br>NORMALIDAD<\/a><\/p>\n","protected":false},"excerpt":{"rendered":"<p>20\/04\/2022: Real Decreto 286\/2022, de 19 de abril, por el que se modifica la obligatoriedad del uso de mascarillas durante la situaci\u00f3n de crisis sanitaria ocasionada por la COVID-19. 10\/03\/2022: Resoluci\u00f3 conjunta del conseller d\u2019Educaci\u00f3 i Formaci\u00f3 Professional i de la consellera de Salut i Consum de 8 de mar\u00e7 de 2022 per la qual [&hellip;]<\/p>\n","protected":false},"author":4,"featured_media":5086,"comment_status":"closed","ping_status":"closed","sticky":false,"template":"","format":"standard","meta":[],"categories":[498],"tags":[],"yoast_head":"<!-- This site is optimized with the Yoast SEO plugin v19.6.1 - https:\/\/yoast.com\/wordpress\/plugins\/seo\/ -->\n<title>COVID-19: informaci\u00f3 reactivaci\u00f3 sector esportiu - COLEF Illes Balears<\/title>\n<meta name=\"robots\" content=\"index, follow, max-snippet:-1, max-image-preview:large, max-video-preview:-1\" \/>\n<link rel=\"canonical\" href=\"https:\/\/www.colefillesbalears.com\/web\/2022\/03\/22\/covid-19-informacio-reactivacio-sector-esportiu\/\" \/>\n<meta property=\"og:locale\" content=\"es_ES\" \/>\n<meta property=\"og:type\" content=\"article\" \/>\n<meta property=\"og:title\" content=\"COVID-19: informaci\u00f3 reactivaci\u00f3 sector esportiu - COLEF Illes Balears\" \/>\n<meta property=\"og:description\" content=\"20\/04\/2022: Real Decreto 286\/2022, de 19 de abril, por el que se modifica la obligatoriedad del uso de mascarillas durante la situaci\u00f3n de crisis sanitaria ocasionada por la COVID-19. 10\/03\/2022: Resoluci\u00f3 conjunta del conseller d\u2019Educaci\u00f3 i Formaci\u00f3 Professional i de la consellera de Salut i Consum de 8 de mar\u00e7 de 2022 per la qual [&hellip;]\" \/>\n<meta property=\"og:url\" content=\"https:\/\/www.colefillesbalears.com\/web\/2022\/03\/22\/covid-19-informacio-reactivacio-sector-esportiu\/\" \/>\n<meta property=\"og:site_name\" content=\"COLEF Illes Balears\" \/>\n<meta property=\"article:publisher\" content=\"https:\/\/www.facebook.com\/colef.illesbalears\/?ref=bookmarks\" \/>\n<meta property=\"article:author\" content=\"https:\/\/www.facebook.com\/colef.illesbalears\/\" \/>\n<meta property=\"article:published_time\" content=\"2022-03-22T00:00:00+00:00\" \/>\n<meta property=\"article:modified_time\" content=\"2023-12-03T15:57:08+00:00\" \/>\n<meta property=\"og:image\" content=\"https:\/\/www.colefillesbalears.com\/web\/wp-content\/uploads\/2020\/09\/COVId19-e1600675255834.png\" \/>\n\t<meta property=\"og:image:width\" content=\"600\" \/>\n\t<meta property=\"og:image:height\" content=\"258\" \/>\n\t<meta property=\"og:image:type\" content=\"image\/png\" \/>\n<meta name=\"author\" content=\"RAUL\" \/>\n<meta name=\"twitter:card\" content=\"summary_large_image\" \/>\n<meta name=\"twitter:creator\" content=\"@COLEFBalears\" \/>\n<meta name=\"twitter:site\" content=\"@COLEFBalears\" \/>\n<meta name=\"twitter:label1\" content=\"Escrito por\" \/>\n\t<meta name=\"twitter:data1\" content=\"RAUL\" \/>\n\t<meta name=\"twitter:label2\" content=\"Tiempo de lectura\" \/>\n\t<meta name=\"twitter:data2\" content=\"36 minutos\" \/>\n<script type=\"application\/ld+json\" class=\"yoast-schema-graph\">{\"@context\":\"https:\/\/schema.org\",\"@graph\":[{\"@type\":\"Article\",\"@id\":\"https:\/\/www.colefillesbalears.com\/web\/2022\/03\/22\/covid-19-informacio-reactivacio-sector-esportiu\/#article\",\"isPartOf\":{\"@id\":\"https:\/\/www.colefillesbalears.com\/web\/2022\/03\/22\/covid-19-informacio-reactivacio-sector-esportiu\/\"},\"author\":{\"name\":\"RAUL\",\"@id\":\"http:\/\/www.colefillesbalears.com\/web\/#\/schema\/person\/67bfa54d8a7a8533be8dac16e810fde7\"},\"headline\":\"COVID-19: informaci\u00f3 reactivaci\u00f3 sector esportiu\",\"datePublished\":\"2022-03-22T00:00:00+00:00\",\"dateModified\":\"2023-12-03T15:57:08+00:00\",\"mainEntityOfPage\":{\"@id\":\"https:\/\/www.colefillesbalears.com\/web\/2022\/03\/22\/covid-19-informacio-reactivacio-sector-esportiu\/\"},\"wordCount\":7244,\"publisher\":{\"@id\":\"http:\/\/www.colefillesbalears.com\/web\/#organization\"},\"articleSection\":[\"Actualitat\"],\"inLanguage\":\"es\"},{\"@type\":\"WebPage\",\"@id\":\"https:\/\/www.colefillesbalears.com\/web\/2022\/03\/22\/covid-19-informacio-reactivacio-sector-esportiu\/\",\"url\":\"https:\/\/www.colefillesbalears.com\/web\/2022\/03\/22\/covid-19-informacio-reactivacio-sector-esportiu\/\",\"name\":\"COVID-19: informaci\u00f3 reactivaci\u00f3 sector esportiu - COLEF Illes Balears\",\"isPartOf\":{\"@id\":\"http:\/\/www.colefillesbalears.com\/web\/#website\"},\"datePublished\":\"2022-03-22T00:00:00+00:00\",\"dateModified\":\"2023-12-03T15:57:08+00:00\",\"breadcrumb\":{\"@id\":\"https:\/\/www.colefillesbalears.com\/web\/2022\/03\/22\/covid-19-informacio-reactivacio-sector-esportiu\/#breadcrumb\"},\"inLanguage\":\"es\",\"potentialAction\":[{\"@type\":\"ReadAction\",\"target\":[\"https:\/\/www.colefillesbalears.com\/web\/2022\/03\/22\/covid-19-informacio-reactivacio-sector-esportiu\/\"]}]},{\"@type\":\"BreadcrumbList\",\"@id\":\"https:\/\/www.colefillesbalears.com\/web\/2022\/03\/22\/covid-19-informacio-reactivacio-sector-esportiu\/#breadcrumb\",\"itemListElement\":[{\"@type\":\"ListItem\",\"position\":1,\"name\":\"Portada\",\"item\":\"http:\/\/www.colefillesbalears.com\/web\/\"},{\"@type\":\"ListItem\",\"position\":2,\"name\":\"COVID-19: informaci\u00f3 reactivaci\u00f3 sector esportiu\"}]},{\"@type\":\"WebSite\",\"@id\":\"http:\/\/www.colefillesbalears.com\/web\/#website\",\"url\":\"http:\/\/www.colefillesbalears.com\/web\/\",\"name\":\"COLEF Illes Balears\",\"description\":\"\",\"publisher\":{\"@id\":\"http:\/\/www.colefillesbalears.com\/web\/#organization\"},\"potentialAction\":[{\"@type\":\"SearchAction\",\"target\":{\"@type\":\"EntryPoint\",\"urlTemplate\":\"http:\/\/www.colefillesbalears.com\/web\/?s={search_term_string}\"},\"query-input\":\"required name=search_term_string\"}],\"inLanguage\":\"es\"},{\"@type\":\"Organization\",\"@id\":\"http:\/\/www.colefillesbalears.com\/web\/#organization\",\"name\":\"Col\u00b7legi Oficial de Llicenciats en Ci\u00e8ncies de l'Activitat F\u00edsica i l'Esport de les Illes Balears\",\"url\":\"http:\/\/www.colefillesbalears.com\/web\/\",\"sameAs\":[\"https:\/\/www.youtube.com\/channel\/UClDRzEzUh03bePGcdVFw1cQ\/featured\",\"https:\/\/www.facebook.com\/colef.illesbalears\/?ref=bookmarks\",\"https:\/\/twitter.com\/COLEFBalears\"],\"logo\":{\"@type\":\"ImageObject\",\"inLanguage\":\"es\",\"@id\":\"http:\/\/www.colefillesbalears.com\/web\/#\/schema\/logo\/image\/\",\"url\":\"http:\/\/www.colefillesbalears.com\/web\/wp-content\/uploads\/2019\/05\/logo-colef-5.png\",\"contentUrl\":\"http:\/\/www.colefillesbalears.com\/web\/wp-content\/uploads\/2019\/05\/logo-colef-5.png\",\"width\":414,\"height\":175,\"caption\":\"Col\u00b7legi Oficial de Llicenciats en Ci\u00e8ncies de l'Activitat F\u00edsica i l'Esport de les Illes Balears\"},\"image\":{\"@id\":\"http:\/\/www.colefillesbalears.com\/web\/#\/schema\/logo\/image\/\"}},{\"@type\":\"Person\",\"@id\":\"http:\/\/www.colefillesbalears.com\/web\/#\/schema\/person\/67bfa54d8a7a8533be8dac16e810fde7\",\"name\":\"RAUL\",\"sameAs\":[\"https:\/\/www.facebook.com\/colef.illesbalears\/\",\"https:\/\/twitter.com\/COLEFBalears\"]}]}<\/script>\n<!-- \/ Yoast SEO plugin. -->","yoast_head_json":{"title":"COVID-19: informaci\u00f3 reactivaci\u00f3 sector esportiu - COLEF Illes Balears","robots":{"index":"index","follow":"follow","max-snippet":"max-snippet:-1","max-image-preview":"max-image-preview:large","max-video-preview":"max-video-preview:-1"},"canonical":"https:\/\/www.colefillesbalears.com\/web\/2022\/03\/22\/covid-19-informacio-reactivacio-sector-esportiu\/","og_locale":"es_ES","og_type":"article","og_title":"COVID-19: informaci\u00f3 reactivaci\u00f3 sector esportiu - COLEF Illes Balears","og_description":"20\/04\/2022: Real Decreto 286\/2022, de 19 de abril, por el que se modifica la obligatoriedad del uso de mascarillas durante la situaci\u00f3n de crisis sanitaria ocasionada por la COVID-19. 10\/03\/2022: Resoluci\u00f3 conjunta del conseller d\u2019Educaci\u00f3 i Formaci\u00f3 Professional i de la consellera de Salut i Consum de 8 de mar\u00e7 de 2022 per la qual [&hellip;]","og_url":"https:\/\/www.colefillesbalears.com\/web\/2022\/03\/22\/covid-19-informacio-reactivacio-sector-esportiu\/","og_site_name":"COLEF Illes Balears","article_publisher":"https:\/\/www.facebook.com\/colef.illesbalears\/?ref=bookmarks","article_author":"https:\/\/www.facebook.com\/colef.illesbalears\/","article_published_time":"2022-03-22T00:00:00+00:00","article_modified_time":"2023-12-03T15:57:08+00:00","og_image":[{"width":600,"height":258,"url":"https:\/\/www.colefillesbalears.com\/web\/wp-content\/uploads\/2020\/09\/COVId19-e1600675255834.png","type":"image\/png"}],"author":"RAUL","twitter_card":"summary_large_image","twitter_creator":"@COLEFBalears","twitter_site":"@COLEFBalears","twitter_misc":{"Escrito por":"RAUL","Tiempo de lectura":"36 minutos"},"schema":{"@context":"https:\/\/schema.org","@graph":[{"@type":"Article","@id":"https:\/\/www.colefillesbalears.com\/web\/2022\/03\/22\/covid-19-informacio-reactivacio-sector-esportiu\/#article","isPartOf":{"@id":"https:\/\/www.colefillesbalears.com\/web\/2022\/03\/22\/covid-19-informacio-reactivacio-sector-esportiu\/"},"author":{"name":"RAUL","@id":"http:\/\/www.colefillesbalears.com\/web\/#\/schema\/person\/67bfa54d8a7a8533be8dac16e810fde7"},"headline":"COVID-19: informaci\u00f3 reactivaci\u00f3 sector esportiu","datePublished":"2022-03-22T00:00:00+00:00","dateModified":"2023-12-03T15:57:08+00:00","mainEntityOfPage":{"@id":"https:\/\/www.colefillesbalears.com\/web\/2022\/03\/22\/covid-19-informacio-reactivacio-sector-esportiu\/"},"wordCount":7244,"publisher":{"@id":"http:\/\/www.colefillesbalears.com\/web\/#organization"},"articleSection":["Actualitat"],"inLanguage":"es"},{"@type":"WebPage","@id":"https:\/\/www.colefillesbalears.com\/web\/2022\/03\/22\/covid-19-informacio-reactivacio-sector-esportiu\/","url":"https:\/\/www.colefillesbalears.com\/web\/2022\/03\/22\/covid-19-informacio-reactivacio-sector-esportiu\/","name":"COVID-19: informaci\u00f3 reactivaci\u00f3 sector esportiu - COLEF Illes Balears","isPartOf":{"@id":"http:\/\/www.colefillesbalears.com\/web\/#website"},"datePublished":"2022-03-22T00:00:00+00:00","dateModified":"2023-12-03T15:57:08+00:00","breadcrumb":{"@id":"https:\/\/www.colefillesbalears.com\/web\/2022\/03\/22\/covid-19-informacio-reactivacio-sector-esportiu\/#breadcrumb"},"inLanguage":"es","potentialAction":[{"@type":"ReadAction","target":["https:\/\/www.colefillesbalears.com\/web\/2022\/03\/22\/covid-19-informacio-reactivacio-sector-esportiu\/"]}]},{"@type":"BreadcrumbList","@id":"https:\/\/www.colefillesbalears.com\/web\/2022\/03\/22\/covid-19-informacio-reactivacio-sector-esportiu\/#breadcrumb","itemListElement":[{"@type":"ListItem","position":1,"name":"Portada","item":"http:\/\/www.colefillesbalears.com\/web\/"},{"@type":"ListItem","position":2,"name":"COVID-19: informaci\u00f3 reactivaci\u00f3 sector esportiu"}]},{"@type":"WebSite","@id":"http:\/\/www.colefillesbalears.com\/web\/#website","url":"http:\/\/www.colefillesbalears.com\/web\/","name":"COLEF Illes Balears","description":"","publisher":{"@id":"http:\/\/www.colefillesbalears.com\/web\/#organization"},"potentialAction":[{"@type":"SearchAction","target":{"@type":"EntryPoint","urlTemplate":"http:\/\/www.colefillesbalears.com\/web\/?s={search_term_string}"},"query-input":"required name=search_term_string"}],"inLanguage":"es"},{"@type":"Organization","@id":"http:\/\/www.colefillesbalears.com\/web\/#organization","name":"Col\u00b7legi Oficial de Llicenciats en Ci\u00e8ncies de l'Activitat F\u00edsica i l'Esport de les Illes Balears","url":"http:\/\/www.colefillesbalears.com\/web\/","sameAs":["https:\/\/www.youtube.com\/channel\/UClDRzEzUh03bePGcdVFw1cQ\/featured","https:\/\/www.facebook.com\/colef.illesbalears\/?ref=bookmarks","https:\/\/twitter.com\/COLEFBalears"],"logo":{"@type":"ImageObject","inLanguage":"es","@id":"http:\/\/www.colefillesbalears.com\/web\/#\/schema\/logo\/image\/","url":"http:\/\/www.colefillesbalears.com\/web\/wp-content\/uploads\/2019\/05\/logo-colef-5.png","contentUrl":"http:\/\/www.colefillesbalears.com\/web\/wp-content\/uploads\/2019\/05\/logo-colef-5.png","width":414,"height":175,"caption":"Col\u00b7legi Oficial de Llicenciats en Ci\u00e8ncies de l'Activitat F\u00edsica i l'Esport de les Illes Balears"},"image":{"@id":"http:\/\/www.colefillesbalears.com\/web\/#\/schema\/logo\/image\/"}},{"@type":"Person","@id":"http:\/\/www.colefillesbalears.com\/web\/#\/schema\/person\/67bfa54d8a7a8533be8dac16e810fde7","name":"RAUL","sameAs":["https:\/\/www.facebook.com\/colef.illesbalears\/","https:\/\/twitter.com\/COLEFBalears"]}]}},"_links":{"self":[{"href":"https:\/\/www.colefillesbalears.com\/web\/wp-json\/wp\/v2\/posts\/4763"}],"collection":[{"href":"https:\/\/www.colefillesbalears.com\/web\/wp-json\/wp\/v2\/posts"}],"about":[{"href":"https:\/\/www.colefillesbalears.com\/web\/wp-json\/wp\/v2\/types\/post"}],"author":[{"embeddable":true,"href":"https:\/\/www.colefillesbalears.com\/web\/wp-json\/wp\/v2\/users\/4"}],"replies":[{"embeddable":true,"href":"https:\/\/www.colefillesbalears.com\/web\/wp-json\/wp\/v2\/comments?post=4763"}],"version-history":[{"count":228,"href":"https:\/\/www.colefillesbalears.com\/web\/wp-json\/wp\/v2\/posts\/4763\/revisions"}],"predecessor-version":[{"id":7799,"href":"https:\/\/www.colefillesbalears.com\/web\/wp-json\/wp\/v2\/posts\/4763\/revisions\/7799"}],"wp:featuredmedia":[{"embeddable":true,"href":"https:\/\/www.colefillesbalears.com\/web\/wp-json\/wp\/v2\/media\/5086"}],"wp:attachment":[{"href":"https:\/\/www.colefillesbalears.com\/web\/wp-json\/wp\/v2\/media?parent=4763"}],"wp:term":[{"taxonomy":"category","embeddable":true,"href":"https:\/\/www.colefillesbalears.com\/web\/wp-json\/wp\/v2\/categories?post=4763"},{"taxonomy":"post_tag","embeddable":true,"href":"https:\/\/www.colefillesbalears.com\/web\/wp-json\/wp\/v2\/tags?post=4763"}],"curies":[{"name":"wp","href":"https:\/\/api.w.org\/{rel}","templated":true}]}}