{"id":4635,"date":"2020-05-04T00:00:00","date_gmt":"2020-05-04T00:00:00","guid":{"rendered":"http:\/\/www.colefillesbalears.com\/web\/?p=4635"},"modified":"2020-05-25T07:02:54","modified_gmt":"2020-05-25T07:02:54","slug":"campanya-dentrenament-emquedoacasa-videos-compartits-actualitzat-02042020","status":"publish","type":"post","link":"https:\/\/www.colefillesbalears.com\/web\/2020\/05\/04\/campanya-dentrenament-emquedoacasa-videos-compartits-actualitzat-02042020\/","title":{"rendered":"Campanya d\u2019entrenament #emquedoacasa: videos i continguts compartits_actualitzat 04052020"},"content":{"rendered":"\n<p>Al nostre <a href=\"https:\/\/www.facebook.com\/colef.illesbalears\/\">Facebook<\/a> ja podeu visualitzar els v\u00eddeos\/continguts compartits pels nostres col\u00b7legiades i col\u00b7legiats.<\/p>\n\n\n\n<p>Moltes gr\u00e0cies.<\/p>\n\n\n\n<figure class=\"wp-block-embed-facebook wp-block-embed is-type-video is-provider-facebook\"><div class=\"wp-block-embed__wrapper\">\nhttps:\/\/www.facebook.com\/colef.illesbalears\/videos\/665601780684576\/\n<\/div><figcaption>El preparador f\u00edsic i entrenador personal Juli Fern\u00e1ndez Entrenador Personal Col.12409 ens d\u00f3na unes pautes a seguir a partir de dem\u00e0 2 de maig.<\/figcaption><\/figure>\n\n\n\n<div class=\"wp-block-image\"><figure class=\"aligncenter size-full\"><img decoding=\"async\" loading=\"lazy\" width=\"573\" height=\"480\" src=\"http:\/\/www.colefillesbalears.com\/web\/wp-content\/uploads\/2020\/05\/95121110_1958990754230872_359984200037695488_n.jpg\" alt=\"\" class=\"wp-image-4770\" srcset=\"https:\/\/www.colefillesbalears.com\/web\/wp-content\/uploads\/2020\/05\/95121110_1958990754230872_359984200037695488_n.jpg 573w, https:\/\/www.colefillesbalears.com\/web\/wp-content\/uploads\/2020\/05\/95121110_1958990754230872_359984200037695488_n-768x643.jpg 768w\" sizes=\"(max-width: 573px) 100vw, 573px\" \/><\/figure><\/div>\n\n\n\n<div class=\"wp-block-image\"><figure class=\"aligncenter size-full\"><img decoding=\"async\" src=\"http:\/\/www.colefillesbalears.com\/web\/wp-content\/uploads\/2020\/04\/AGalmes3.png\" alt=\"\" class=\"wp-image-4726\"\/><\/figure><\/div>\n\n\n\n<figure class=\"wp-block-gallery aligncenter columns-1 is-cropped wp-block-gallery-1 is-layout-flex\"><ul class=\"blocks-gallery-grid\"><li class=\"blocks-gallery-item\"><figure><img decoding=\"async\" src=\"http:\/\/www.colefillesbalears.com\/web\/wp-content\/uploads\/2020\/04\/MRoig.png\" alt=\"\" data-id=\"4724\" data-full-url=\"http:\/\/www.colefillesbalears.com\/web\/wp-content\/uploads\/2020\/04\/MRoig.png\" data-link=\"http:\/\/www.colefillesbalears.com\/web\/2020\/04\/08\/campanya-dentrenament-emquedoacasa-videos-compartits-actualitzat-02042020\/mroig\/\" class=\"wp-image-4724\"\/><\/figure><\/li><\/ul><\/figure>\n\n\n\n<figure class=\"wp-block-gallery aligncenter columns-1 wp-block-gallery-3 is-layout-flex\"><ul class=\"blocks-gallery-grid\"><li class=\"blocks-gallery-item\"><figure><img decoding=\"async\" src=\"http:\/\/www.colefillesbalears.com\/web\/wp-content\/uploads\/2020\/04\/Bnadal2.png\" alt=\"\" data-id=\"4690\" data-full-url=\"http:\/\/www.colefillesbalears.com\/web\/wp-content\/uploads\/2020\/04\/Bnadal2.png\" data-link=\"http:\/\/www.colefillesbalears.com\/web\/2020\/04\/02\/campanya-dentrenament-emquedoacasa-videos-compartits-actualitzat-02042020\/bnadal2\/\" class=\"wp-image-4690\"\/><\/figure><\/li><\/ul><\/figure>\n\n\n\n<div class=\"wp-block-image\"><figure class=\"aligncenter\"><img decoding=\"async\" src=\"http:\/\/www.colefillesbalears.com\/web\/wp-content\/uploads\/2020\/04\/BNadal1.png\" alt=\"\" class=\"wp-image-4653\"\/><\/figure><\/div>\n\n\n\n<div class=\"wp-block-image\"><figure class=\"aligncenter\"><img decoding=\"async\" src=\"http:\/\/www.colefillesbalears.com\/web\/wp-content\/uploads\/2020\/04\/AGalmes.png\" alt=\"\" class=\"wp-image-4652\"\/><\/figure><\/div>\n\n\n\n<div class=\"wp-block-image\"><figure class=\"aligncenter\"><img decoding=\"async\" src=\"http:\/\/www.colefillesbalears.com\/web\/wp-content\/uploads\/2020\/04\/RMarco.png\" alt=\"\" class=\"wp-image-4651\"\/><\/figure><\/div>\n\n\n\n<div class=\"wp-block-image\"><figure class=\"aligncenter\"><img decoding=\"async\" src=\"http:\/\/www.colefillesbalears.com\/web\/wp-content\/uploads\/2020\/04\/DMonzo.png\" alt=\"\" class=\"wp-image-4650\"\/><\/figure><\/div>\n\n\n\n<div class=\"wp-block-image\"><figure class=\"aligncenter\"><img decoding=\"async\" src=\"http:\/\/www.colefillesbalears.com\/web\/wp-content\/uploads\/2020\/03\/GSoler.png\" alt=\"\" class=\"wp-image-4620\"\/><\/figure><\/div>\n\n\n\n<div class=\"wp-block-image\"><figure class=\"aligncenter\"><img decoding=\"async\" src=\"http:\/\/www.colefillesbalears.com\/web\/wp-content\/uploads\/2020\/03\/BNadal.png\" alt=\"\" class=\"wp-image-4619\"\/><\/figure><\/div>\n\n\n\n<div class=\"wp-block-image\"><figure class=\"aligncenter\"><img decoding=\"async\" src=\"http:\/\/www.colefillesbalears.com\/web\/wp-content\/uploads\/2020\/03\/VDorado.png\" alt=\"\" class=\"wp-image-4618\"\/><\/figure><\/div>\n\n\n\n<div class=\"wp-block-image\"><figure class=\"aligncenter\"><img decoding=\"async\" src=\"http:\/\/www.colefillesbalears.com\/web\/wp-content\/uploads\/2020\/03\/MContreras.png\" alt=\"\" class=\"wp-image-4614\"\/><\/figure><\/div>\n\n\n\n<div class=\"wp-block-image\"><figure class=\"aligncenter\"><img decoding=\"async\" src=\"http:\/\/www.colefillesbalears.com\/web\/wp-content\/uploads\/2020\/03\/JMacarro.jpg\" alt=\"\" class=\"wp-image-4601\"\/><\/figure><\/div>\n\n\n\n<div class=\"wp-block-image\"><figure class=\"aligncenter\"><img decoding=\"async\" src=\"http:\/\/www.colefillesbalears.com\/web\/wp-content\/uploads\/2020\/03\/MRossich.jpg\" alt=\"\" class=\"wp-image-4600\"\/><\/figure><\/div>\n\n\n\n<div class=\"wp-block-image\"><figure class=\"aligncenter\"><img decoding=\"async\" src=\"http:\/\/www.colefillesbalears.com\/web\/wp-content\/uploads\/2020\/03\/FcoJmilan.jpg\" alt=\"\" class=\"wp-image-4599\"\/><\/figure><\/div>\n\n\n\n<div class=\"wp-block-image\"><figure class=\"aligncenter\"><img decoding=\"async\" src=\"http:\/\/www.colefillesbalears.com\/web\/wp-content\/uploads\/2020\/03\/marossello.jpg\" alt=\"\" class=\"wp-image-4588\"\/><\/figure><\/div>\n\n\n\n<div class=\"wp-block-image\"><figure class=\"aligncenter\"><img decoding=\"async\" src=\"http:\/\/www.colefillesbalears.com\/web\/wp-content\/uploads\/2020\/03\/Rmarco.jpg\" alt=\"\" class=\"wp-image-4589\"\/><\/figure><\/div>\n\n\n\n<div class=\"wp-block-image\"><figure class=\"aligncenter\"><img decoding=\"async\" src=\"http:\/\/www.colefillesbalears.com\/web\/wp-content\/uploads\/2020\/03\/AGalmes.jpg\" alt=\"\" class=\"wp-image-4590\"\/><figcaption><br><\/figcaption><\/figure><\/div>\n\n\n\n<div class=\"wp-block-image\"><figure class=\"aligncenter\"><img decoding=\"async\" src=\"http:\/\/www.colefillesbalears.com\/web\/wp-content\/uploads\/2020\/03\/GSegui.jpg\" alt=\"\" class=\"wp-image-4591\"\/><\/figure><\/div>\n","protected":false},"excerpt":{"rendered":"<p>Al nostre Facebook ja podeu visualitzar els v\u00eddeos\/continguts compartits pels nostres col\u00b7legiades i col\u00b7legiats. Moltes gr\u00e0cies.<\/p>\n","protected":false},"author":4,"featured_media":0,"comment_status":"closed","ping_status":"closed","sticky":false,"template":"","format":"standard","meta":[],"categories":[498],"tags":[],"yoast_head":"<!-- This site is optimized with the Yoast SEO plugin v19.6.1 - https:\/\/yoast.com\/wordpress\/plugins\/seo\/ -->\n<title>Campanya d\u2019entrenament #emquedoacasa: videos i continguts compartits_actualitzat 04052020 - COLEF Illes Balears<\/title>\n<meta name=\"robots\" content=\"index, follow, max-snippet:-1, max-image-preview:large, max-video-preview:-1\" \/>\n<link rel=\"canonical\" href=\"https:\/\/www.colefillesbalears.com\/web\/2020\/05\/04\/campanya-dentrenament-emquedoacasa-videos-compartits-actualitzat-02042020\/\" \/>\n<meta property=\"og:locale\" content=\"es_ES\" \/>\n<meta property=\"og:type\" content=\"article\" \/>\n<meta property=\"og:title\" content=\"Campanya d\u2019entrenament #emquedoacasa: videos i continguts compartits_actualitzat 04052020 - COLEF Illes Balears\" \/>\n<meta property=\"og:description\" content=\"Al nostre Facebook ja podeu visualitzar els v\u00eddeos\/continguts compartits pels nostres col\u00b7legiades i col\u00b7legiats. Moltes gr\u00e0cies.\" \/>\n<meta property=\"og:url\" content=\"https:\/\/www.colefillesbalears.com\/web\/2020\/05\/04\/campanya-dentrenament-emquedoacasa-videos-compartits-actualitzat-02042020\/\" \/>\n<meta property=\"og:site_name\" content=\"COLEF Illes Balears\" \/>\n<meta property=\"article:publisher\" content=\"https:\/\/www.facebook.com\/colef.illesbalears\/?ref=bookmarks\" \/>\n<meta property=\"article:author\" content=\"https:\/\/www.facebook.com\/colef.illesbalears\/\" \/>\n<meta property=\"article:published_time\" content=\"2020-05-04T00:00:00+00:00\" \/>\n<meta property=\"article:modified_time\" content=\"2020-05-25T07:02:54+00:00\" \/>\n<meta property=\"og:image\" content=\"http:\/\/www.colefillesbalears.com\/web\/wp-content\/uploads\/2020\/05\/95121110_1958990754230872_359984200037695488_n.jpg\" \/>\n<meta name=\"author\" content=\"RAUL\" \/>\n<meta name=\"twitter:card\" content=\"summary_large_image\" \/>\n<meta name=\"twitter:creator\" content=\"@COLEFBalears\" \/>\n<meta name=\"twitter:site\" content=\"@COLEFBalears\" \/>\n<meta name=\"twitter:label1\" content=\"Escrito por\" \/>\n\t<meta name=\"twitter:data1\" content=\"RAUL\" \/>\n<script type=\"application\/ld+json\" class=\"yoast-schema-graph\">{\"@context\":\"https:\/\/schema.org\",\"@graph\":[{\"@type\":\"Article\",\"@id\":\"https:\/\/www.colefillesbalears.com\/web\/2020\/05\/04\/campanya-dentrenament-emquedoacasa-videos-compartits-actualitzat-02042020\/#article\",\"isPartOf\":{\"@id\":\"https:\/\/www.colefillesbalears.com\/web\/2020\/05\/04\/campanya-dentrenament-emquedoacasa-videos-compartits-actualitzat-02042020\/\"},\"author\":{\"name\":\"RAUL\",\"@id\":\"http:\/\/www.colefillesbalears.com\/web\/#\/schema\/person\/67bfa54d8a7a8533be8dac16e810fde7\"},\"headline\":\"Campanya d\u2019entrenament #emquedoacasa: videos i continguts compartits_actualitzat 04052020\",\"datePublished\":\"2020-05-04T00:00:00+00:00\",\"dateModified\":\"2020-05-25T07:02:54+00:00\",\"mainEntityOfPage\":{\"@id\":\"https:\/\/www.colefillesbalears.com\/web\/2020\/05\/04\/campanya-dentrenament-emquedoacasa-videos-compartits-actualitzat-02042020\/\"},\"wordCount\":63,\"publisher\":{\"@id\":\"http:\/\/www.colefillesbalears.com\/web\/#organization\"},\"articleSection\":[\"Actualitat\"],\"inLanguage\":\"es\"},{\"@type\":\"WebPage\",\"@id\":\"https:\/\/www.colefillesbalears.com\/web\/2020\/05\/04\/campanya-dentrenament-emquedoacasa-videos-compartits-actualitzat-02042020\/\",\"url\":\"https:\/\/www.colefillesbalears.com\/web\/2020\/05\/04\/campanya-dentrenament-emquedoacasa-videos-compartits-actualitzat-02042020\/\",\"name\":\"Campanya d\u2019entrenament #emquedoacasa: videos i continguts compartits_actualitzat 04052020 - COLEF Illes Balears\",\"isPartOf\":{\"@id\":\"http:\/\/www.colefillesbalears.com\/web\/#website\"},\"datePublished\":\"2020-05-04T00:00:00+00:00\",\"dateModified\":\"2020-05-25T07:02:54+00:00\",\"breadcrumb\":{\"@id\":\"https:\/\/www.colefillesbalears.com\/web\/2020\/05\/04\/campanya-dentrenament-emquedoacasa-videos-compartits-actualitzat-02042020\/#breadcrumb\"},\"inLanguage\":\"es\",\"potentialAction\":[{\"@type\":\"ReadAction\",\"target\":[\"https:\/\/www.colefillesbalears.com\/web\/2020\/05\/04\/campanya-dentrenament-emquedoacasa-videos-compartits-actualitzat-02042020\/\"]}]},{\"@type\":\"BreadcrumbList\",\"@id\":\"https:\/\/www.colefillesbalears.com\/web\/2020\/05\/04\/campanya-dentrenament-emquedoacasa-videos-compartits-actualitzat-02042020\/#breadcrumb\",\"itemListElement\":[{\"@type\":\"ListItem\",\"position\":1,\"name\":\"Portada\",\"item\":\"http:\/\/www.colefillesbalears.com\/web\/\"},{\"@type\":\"ListItem\",\"position\":2,\"name\":\"Campanya d\u2019entrenament #emquedoacasa: videos i continguts compartits_actualitzat 04052020\"}]},{\"@type\":\"WebSite\",\"@id\":\"http:\/\/www.colefillesbalears.com\/web\/#website\",\"url\":\"http:\/\/www.colefillesbalears.com\/web\/\",\"name\":\"COLEF Illes Balears\",\"description\":\"\",\"publisher\":{\"@id\":\"http:\/\/www.colefillesbalears.com\/web\/#organization\"},\"potentialAction\":[{\"@type\":\"SearchAction\",\"target\":{\"@type\":\"EntryPoint\",\"urlTemplate\":\"http:\/\/www.colefillesbalears.com\/web\/?s={search_term_string}\"},\"query-input\":\"required name=search_term_string\"}],\"inLanguage\":\"es\"},{\"@type\":\"Organization\",\"@id\":\"http:\/\/www.colefillesbalears.com\/web\/#organization\",\"name\":\"Col\u00b7legi Oficial de Llicenciats en Ci\u00e8ncies de l'Activitat F\u00edsica i l'Esport de les Illes Balears\",\"url\":\"http:\/\/www.colefillesbalears.com\/web\/\",\"sameAs\":[\"https:\/\/www.youtube.com\/channel\/UClDRzEzUh03bePGcdVFw1cQ\/featured\",\"https:\/\/www.facebook.com\/colef.illesbalears\/?ref=bookmarks\",\"https:\/\/twitter.com\/COLEFBalears\"],\"logo\":{\"@type\":\"ImageObject\",\"inLanguage\":\"es\",\"@id\":\"http:\/\/www.colefillesbalears.com\/web\/#\/schema\/logo\/image\/\",\"url\":\"http:\/\/www.colefillesbalears.com\/web\/wp-content\/uploads\/2019\/05\/logo-colef-5.png\",\"contentUrl\":\"http:\/\/www.colefillesbalears.com\/web\/wp-content\/uploads\/2019\/05\/logo-colef-5.png\",\"width\":414,\"height\":175,\"caption\":\"Col\u00b7legi Oficial de Llicenciats en Ci\u00e8ncies de l'Activitat F\u00edsica i l'Esport de les Illes Balears\"},\"image\":{\"@id\":\"http:\/\/www.colefillesbalears.com\/web\/#\/schema\/logo\/image\/\"}},{\"@type\":\"Person\",\"@id\":\"http:\/\/www.colefillesbalears.com\/web\/#\/schema\/person\/67bfa54d8a7a8533be8dac16e810fde7\",\"name\":\"RAUL\",\"sameAs\":[\"https:\/\/www.facebook.com\/colef.illesbalears\/\",\"https:\/\/twitter.com\/COLEFBalears\"]}]}<\/script>\n<!-- \/ Yoast SEO plugin. -->","yoast_head_json":{"title":"Campanya d\u2019entrenament #emquedoacasa: videos i continguts compartits_actualitzat 04052020 - COLEF Illes Balears","robots":{"index":"index","follow":"follow","max-snippet":"max-snippet:-1","max-image-preview":"max-image-preview:large","max-video-preview":"max-video-preview:-1"},"canonical":"https:\/\/www.colefillesbalears.com\/web\/2020\/05\/04\/campanya-dentrenament-emquedoacasa-videos-compartits-actualitzat-02042020\/","og_locale":"es_ES","og_type":"article","og_title":"Campanya d\u2019entrenament #emquedoacasa: videos i continguts compartits_actualitzat 04052020 - COLEF Illes Balears","og_description":"Al nostre Facebook ja podeu visualitzar els v\u00eddeos\/continguts compartits pels nostres col\u00b7legiades i col\u00b7legiats. Moltes gr\u00e0cies.","og_url":"https:\/\/www.colefillesbalears.com\/web\/2020\/05\/04\/campanya-dentrenament-emquedoacasa-videos-compartits-actualitzat-02042020\/","og_site_name":"COLEF Illes Balears","article_publisher":"https:\/\/www.facebook.com\/colef.illesbalears\/?ref=bookmarks","article_author":"https:\/\/www.facebook.com\/colef.illesbalears\/","article_published_time":"2020-05-04T00:00:00+00:00","article_modified_time":"2020-05-25T07:02:54+00:00","og_image":[{"url":"http:\/\/www.colefillesbalears.com\/web\/wp-content\/uploads\/2020\/05\/95121110_1958990754230872_359984200037695488_n.jpg"}],"author":"RAUL","twitter_card":"summary_large_image","twitter_creator":"@COLEFBalears","twitter_site":"@COLEFBalears","twitter_misc":{"Escrito por":"RAUL"},"schema":{"@context":"https:\/\/schema.org","@graph":[{"@type":"Article","@id":"https:\/\/www.colefillesbalears.com\/web\/2020\/05\/04\/campanya-dentrenament-emquedoacasa-videos-compartits-actualitzat-02042020\/#article","isPartOf":{"@id":"https:\/\/www.colefillesbalears.com\/web\/2020\/05\/04\/campanya-dentrenament-emquedoacasa-videos-compartits-actualitzat-02042020\/"},"author":{"name":"RAUL","@id":"http:\/\/www.colefillesbalears.com\/web\/#\/schema\/person\/67bfa54d8a7a8533be8dac16e810fde7"},"headline":"Campanya d\u2019entrenament #emquedoacasa: videos i continguts compartits_actualitzat 04052020","datePublished":"2020-05-04T00:00:00+00:00","dateModified":"2020-05-25T07:02:54+00:00","mainEntityOfPage":{"@id":"https:\/\/www.colefillesbalears.com\/web\/2020\/05\/04\/campanya-dentrenament-emquedoacasa-videos-compartits-actualitzat-02042020\/"},"wordCount":63,"publisher":{"@id":"http:\/\/www.colefillesbalears.com\/web\/#organization"},"articleSection":["Actualitat"],"inLanguage":"es"},{"@type":"WebPage","@id":"https:\/\/www.colefillesbalears.com\/web\/2020\/05\/04\/campanya-dentrenament-emquedoacasa-videos-compartits-actualitzat-02042020\/","url":"https:\/\/www.colefillesbalears.com\/web\/2020\/05\/04\/campanya-dentrenament-emquedoacasa-videos-compartits-actualitzat-02042020\/","name":"Campanya d\u2019entrenament #emquedoacasa: videos i continguts compartits_actualitzat 04052020 - COLEF Illes Balears","isPartOf":{"@id":"http:\/\/www.colefillesbalears.com\/web\/#website"},"datePublished":"2020-05-04T00:00:00+00:00","dateModified":"2020-05-25T07:02:54+00:00","breadcrumb":{"@id":"https:\/\/www.colefillesbalears.com\/web\/2020\/05\/04\/campanya-dentrenament-emquedoacasa-videos-compartits-actualitzat-02042020\/#breadcrumb"},"inLanguage":"es","potentialAction":[{"@type":"ReadAction","target":["https:\/\/www.colefillesbalears.com\/web\/2020\/05\/04\/campanya-dentrenament-emquedoacasa-videos-compartits-actualitzat-02042020\/"]}]},{"@type":"BreadcrumbList","@id":"https:\/\/www.colefillesbalears.com\/web\/2020\/05\/04\/campanya-dentrenament-emquedoacasa-videos-compartits-actualitzat-02042020\/#breadcrumb","itemListElement":[{"@type":"ListItem","position":1,"name":"Portada","item":"http:\/\/www.colefillesbalears.com\/web\/"},{"@type":"ListItem","position":2,"name":"Campanya d\u2019entrenament #emquedoacasa: videos i continguts compartits_actualitzat 04052020"}]},{"@type":"WebSite","@id":"http:\/\/www.colefillesbalears.com\/web\/#website","url":"http:\/\/www.colefillesbalears.com\/web\/","name":"COLEF Illes Balears","description":"","publisher":{"@id":"http:\/\/www.colefillesbalears.com\/web\/#organization"},"potentialAction":[{"@type":"SearchAction","target":{"@type":"EntryPoint","urlTemplate":"http:\/\/www.colefillesbalears.com\/web\/?s={search_term_string}"},"query-input":"required name=search_term_string"}],"inLanguage":"es"},{"@type":"Organization","@id":"http:\/\/www.colefillesbalears.com\/web\/#organization","name":"Col\u00b7legi Oficial de Llicenciats en Ci\u00e8ncies de l'Activitat F\u00edsica i l'Esport de les Illes Balears","url":"http:\/\/www.colefillesbalears.com\/web\/","sameAs":["https:\/\/www.youtube.com\/channel\/UClDRzEzUh03bePGcdVFw1cQ\/featured","https:\/\/www.facebook.com\/colef.illesbalears\/?ref=bookmarks","https:\/\/twitter.com\/COLEFBalears"],"logo":{"@type":"ImageObject","inLanguage":"es","@id":"http:\/\/www.colefillesbalears.com\/web\/#\/schema\/logo\/image\/","url":"http:\/\/www.colefillesbalears.com\/web\/wp-content\/uploads\/2019\/05\/logo-colef-5.png","contentUrl":"http:\/\/www.colefillesbalears.com\/web\/wp-content\/uploads\/2019\/05\/logo-colef-5.png","width":414,"height":175,"caption":"Col\u00b7legi Oficial de Llicenciats en Ci\u00e8ncies de l'Activitat F\u00edsica i l'Esport de les Illes Balears"},"image":{"@id":"http:\/\/www.colefillesbalears.com\/web\/#\/schema\/logo\/image\/"}},{"@type":"Person","@id":"http:\/\/www.colefillesbalears.com\/web\/#\/schema\/person\/67bfa54d8a7a8533be8dac16e810fde7","name":"RAUL","sameAs":["https:\/\/www.facebook.com\/colef.illesbalears\/","https:\/\/twitter.com\/COLEFBalears"]}]}},"_links":{"self":[{"href":"https:\/\/www.colefillesbalears.com\/web\/wp-json\/wp\/v2\/posts\/4635"}],"collection":[{"href":"https:\/\/www.colefillesbalears.com\/web\/wp-json\/wp\/v2\/posts"}],"about":[{"href":"https:\/\/www.colefillesbalears.com\/web\/wp-json\/wp\/v2\/types\/post"}],"author":[{"embeddable":true,"href":"https:\/\/www.colefillesbalears.com\/web\/wp-json\/wp\/v2\/users\/4"}],"replies":[{"embeddable":true,"href":"https:\/\/www.colefillesbalears.com\/web\/wp-json\/wp\/v2\/comments?post=4635"}],"version-history":[{"count":12,"href":"https:\/\/www.colefillesbalears.com\/web\/wp-json\/wp\/v2\/posts\/4635\/revisions"}],"predecessor-version":[{"id":4842,"href":"https:\/\/www.colefillesbalears.com\/web\/wp-json\/wp\/v2\/posts\/4635\/revisions\/4842"}],"wp:attachment":[{"href":"https:\/\/www.colefillesbalears.com\/web\/wp-json\/wp\/v2\/media?parent=4635"}],"wp:term":[{"taxonomy":"category","embeddable":true,"href":"https:\/\/www.colefillesbalears.com\/web\/wp-json\/wp\/v2\/categories?post=4635"},{"taxonomy":"post_tag","embeddable":true,"href":"https:\/\/www.colefillesbalears.com\/web\/wp-json\/wp\/v2\/tags?post=4635"}],"curies":[{"name":"wp","href":"https:\/\/api.w.org\/{rel}","templated":true}]}}