{"id":4630,"date":"2020-03-27T15:00:47","date_gmt":"2020-03-27T15:00:47","guid":{"rendered":"http:\/\/www.colefillesbalears.com\/web\/?p=4630"},"modified":"2020-03-27T08:17:25","modified_gmt":"2020-03-27T08:17:25","slug":"base-de-dades-publica-de-col%c2%b7legiats-des-educadors-es-fisics-ques-que-es-dediquen-a-lambit-dentrenament-i-la-preparacio-fisica","status":"publish","type":"post","link":"https:\/\/www.colefillesbalears.com\/web\/2020\/03\/27\/base-de-dades-publica-de-col%c2%b7legiats-des-educadors-es-fisics-ques-que-es-dediquen-a-lambit-dentrenament-i-la-preparacio-fisica\/","title":{"rendered":"BASE DE DADES P\u00daBLICA DE COL\u00b7LEGIATS\/DES EDUCADORS\/ES F\u00cdSICS\/QUES QUE ES DEDIQUEN A l&#8217;\u00c0MBIT D&#8217;ENTRENAMENT I LA PREPARACI\u00d3 F\u00cdSICA"},"content":{"rendered":"\n<p>Bon dia Col\u00b7legiats\/des,<\/p>\n\n\n\n<p>Continuem treballant i estant al peu del can\u00f3 en aquests moments tan complicats per a tots per a buscar iniciatives perqu\u00e8 els nostres col\u00b7legiats puguin continuar exercint la seva professi\u00f3.<\/p>\n\n\n\n<p>Uns dels sectors m\u00e9s afectat avui dia s\u00f3n els preparadors f\u00edsics i entrenadors personals, entre altres, ja sigui perqu\u00e8 s\u00f3n aut\u00f2noms i hagin muntat els seus negocis o perqu\u00e8 entrenar a equips esportius que han sofert les aturades de la quarantena.<\/p>\n\n\n\n<p>Des del&nbsp;COLEF&nbsp;es va generar la iniciativa de poder difondre rutines d&#8217;entrenament per a penjar-les en les xarxes socials durant els 15 dies que se suposava que duraria l&#8217;estat d&#8217;Alarma, per\u00f2 la situaci\u00f3 ha canviat, el temps s&#8217;ha allargat, i sou els \u201centrenadors\u201d els que veiem esteu donant la volta a aquesta situaci\u00f3, reinventant-vos i adaptant-vos a la mateixa per a poder continuar cuidant als vostres clients.<\/p>\n\n\n\n<p>Des de la&nbsp;<strong>Junta del&nbsp;COLEF<\/strong>&nbsp;<strong>IB<\/strong>&nbsp;fem una crida a tots els&nbsp;<strong>preparadors\/es f\u00edsics i entrenadors\/es&nbsp;<\/strong>per a poder feruna<strong>&nbsp;BASE DE DADES P\u00daBLICA DE TOTS ELS COL\u00b7LEGIATS\/DES que aix\u00ed ho desitgin<\/strong>&nbsp;i publicar-la per donar a con\u00e8ixer els vostres serveis i fer-ne difusi\u00f3, perqu\u00e8 arribi al major nombre de persones possible, institucions o on sigui necessari,<\/p>\n\n\n\n<p>Per a aix\u00f2, tots aquells que vulguin participar, necessitar\u00edem les seg\u00fcents dades:<\/p>\n\n\n\n<p>&#8211; Nom del col\u00b7legiat<\/p>\n\n\n\n<p>&#8211; N\u00famero de col\u00b7legiat<\/p>\n\n\n\n<p>&#8211; Nom comercial de l&#8217;empresa<\/p>\n\n\n\n<p>&#8211; P\u00e0gina web<\/p>\n\n\n\n<p>&#8211; @ de contacte<\/p>\n\n\n\n<p>Ens agradaria poder agilitar el proc\u00e9s, aix\u00ed que us donem fins al&nbsp;dimecres 1 d&#8217;abril&nbsp;per a enviar-nos la informaci\u00f3 donant resposta a en aquest correu,&nbsp;i poder continuar avan\u00e7ant en aquesta iniciativa.<\/p>\n\n\n\n<p>No cal dir que totes les aportacions i iniciatives per a ajudar-nos entre nosaltres, seran ben rebudes.<\/p>\n\n\n\n<p>Molt d&#8217;\u00e0nim i salut!!!!<\/p>\n\n\n\n<p>Atentament,<\/p>\n","protected":false},"excerpt":{"rendered":"<p>Bon dia Col\u00b7legiats\/des, Continuem treballant i estant al peu del can\u00f3 en aquests moments tan complicats per a tots per a buscar iniciatives perqu\u00e8 els nostres col\u00b7legiats puguin continuar exercint la seva professi\u00f3. Uns dels sectors m\u00e9s afectat avui dia s\u00f3n els preparadors f\u00edsics i entrenadors personals, entre altres, ja sigui perqu\u00e8 s\u00f3n aut\u00f2noms i [&hellip;]<\/p>\n","protected":false},"author":4,"featured_media":0,"comment_status":"closed","ping_status":"closed","sticky":false,"template":"","format":"standard","meta":[],"categories":[498],"tags":[],"yoast_head":"<!-- This site is optimized with the Yoast SEO plugin v19.6.1 - https:\/\/yoast.com\/wordpress\/plugins\/seo\/ -->\n<title>BASE DE DADES P\u00daBLICA DE COL\u00b7LEGIATS\/DES EDUCADORS\/ES F\u00cdSICS\/QUES QUE ES DEDIQUEN A l&#039;\u00c0MBIT D&#039;ENTRENAMENT I LA PREPARACI\u00d3 F\u00cdSICA - COLEF Illes Balears<\/title>\n<meta name=\"robots\" content=\"index, follow, max-snippet:-1, max-image-preview:large, max-video-preview:-1\" \/>\n<link rel=\"canonical\" href=\"http:\/\/www.colefillesbalears.com\/web\/2020\/03\/27\/base-de-dades-publica-de-col\u00b7legiats-des-educadors-es-fisics-ques-que-es-dediquen-a-lambit-dentrenament-i-la-preparacio-fisica\/\" \/>\n<meta property=\"og:locale\" content=\"es_ES\" \/>\n<meta property=\"og:type\" content=\"article\" \/>\n<meta property=\"og:title\" content=\"BASE DE DADES P\u00daBLICA DE COL\u00b7LEGIATS\/DES EDUCADORS\/ES F\u00cdSICS\/QUES QUE ES DEDIQUEN A l&#039;\u00c0MBIT D&#039;ENTRENAMENT I LA PREPARACI\u00d3 F\u00cdSICA - COLEF Illes Balears\" \/>\n<meta property=\"og:description\" content=\"Bon dia Col\u00b7legiats\/des, Continuem treballant i estant al peu del can\u00f3 en aquests moments tan complicats per a tots per a buscar iniciatives perqu\u00e8 els nostres col\u00b7legiats puguin continuar exercint la seva professi\u00f3. Uns dels sectors m\u00e9s afectat avui dia s\u00f3n els preparadors f\u00edsics i entrenadors personals, entre altres, ja sigui perqu\u00e8 s\u00f3n aut\u00f2noms i [&hellip;]\" \/>\n<meta property=\"og:url\" content=\"http:\/\/www.colefillesbalears.com\/web\/2020\/03\/27\/base-de-dades-publica-de-col\u00b7legiats-des-educadors-es-fisics-ques-que-es-dediquen-a-lambit-dentrenament-i-la-preparacio-fisica\/\" \/>\n<meta property=\"og:site_name\" content=\"COLEF Illes Balears\" \/>\n<meta property=\"article:publisher\" content=\"https:\/\/www.facebook.com\/colef.illesbalears\/?ref=bookmarks\" \/>\n<meta property=\"article:author\" content=\"https:\/\/www.facebook.com\/colef.illesbalears\/\" \/>\n<meta property=\"article:published_time\" content=\"2020-03-27T15:00:47+00:00\" \/>\n<meta property=\"article:modified_time\" content=\"2020-03-27T08:17:25+00:00\" \/>\n<meta name=\"author\" content=\"RAUL\" \/>\n<meta name=\"twitter:card\" content=\"summary_large_image\" \/>\n<meta name=\"twitter:creator\" content=\"@COLEFBalears\" \/>\n<meta name=\"twitter:site\" content=\"@COLEFBalears\" \/>\n<meta name=\"twitter:label1\" content=\"Escrito por\" \/>\n\t<meta name=\"twitter:data1\" content=\"RAUL\" \/>\n\t<meta name=\"twitter:label2\" content=\"Tiempo de lectura\" \/>\n\t<meta name=\"twitter:data2\" content=\"2 minutos\" \/>\n<script type=\"application\/ld+json\" class=\"yoast-schema-graph\">{\"@context\":\"https:\/\/schema.org\",\"@graph\":[{\"@type\":\"Article\",\"@id\":\"http:\/\/www.colefillesbalears.com\/web\/2020\/03\/27\/base-de-dades-publica-de-col%c2%b7legiats-des-educadors-es-fisics-ques-que-es-dediquen-a-lambit-dentrenament-i-la-preparacio-fisica\/#article\",\"isPartOf\":{\"@id\":\"http:\/\/www.colefillesbalears.com\/web\/2020\/03\/27\/base-de-dades-publica-de-col%c2%b7legiats-des-educadors-es-fisics-ques-que-es-dediquen-a-lambit-dentrenament-i-la-preparacio-fisica\/\"},\"author\":{\"name\":\"RAUL\",\"@id\":\"http:\/\/www.colefillesbalears.com\/web\/#\/schema\/person\/67bfa54d8a7a8533be8dac16e810fde7\"},\"headline\":\"BASE DE DADES P\u00daBLICA DE COL\u00b7LEGIATS\/DES EDUCADORS\/ES F\u00cdSICS\/QUES QUE ES DEDIQUEN A l&#8217;\u00c0MBIT D&#8217;ENTRENAMENT I LA PREPARACI\u00d3 F\u00cdSICA\",\"datePublished\":\"2020-03-27T15:00:47+00:00\",\"dateModified\":\"2020-03-27T08:17:25+00:00\",\"mainEntityOfPage\":{\"@id\":\"http:\/\/www.colefillesbalears.com\/web\/2020\/03\/27\/base-de-dades-publica-de-col%c2%b7legiats-des-educadors-es-fisics-ques-que-es-dediquen-a-lambit-dentrenament-i-la-preparacio-fisica\/\"},\"wordCount\":347,\"publisher\":{\"@id\":\"http:\/\/www.colefillesbalears.com\/web\/#organization\"},\"articleSection\":[\"Actualitat\"],\"inLanguage\":\"es\"},{\"@type\":\"WebPage\",\"@id\":\"http:\/\/www.colefillesbalears.com\/web\/2020\/03\/27\/base-de-dades-publica-de-col%c2%b7legiats-des-educadors-es-fisics-ques-que-es-dediquen-a-lambit-dentrenament-i-la-preparacio-fisica\/\",\"url\":\"http:\/\/www.colefillesbalears.com\/web\/2020\/03\/27\/base-de-dades-publica-de-col%c2%b7legiats-des-educadors-es-fisics-ques-que-es-dediquen-a-lambit-dentrenament-i-la-preparacio-fisica\/\",\"name\":\"BASE DE DADES P\u00daBLICA DE COL\u00b7LEGIATS\/DES EDUCADORS\/ES F\u00cdSICS\/QUES QUE ES DEDIQUEN A l'\u00c0MBIT D'ENTRENAMENT I LA PREPARACI\u00d3 F\u00cdSICA - COLEF Illes Balears\",\"isPartOf\":{\"@id\":\"http:\/\/www.colefillesbalears.com\/web\/#website\"},\"datePublished\":\"2020-03-27T15:00:47+00:00\",\"dateModified\":\"2020-03-27T08:17:25+00:00\",\"breadcrumb\":{\"@id\":\"http:\/\/www.colefillesbalears.com\/web\/2020\/03\/27\/base-de-dades-publica-de-col%c2%b7legiats-des-educadors-es-fisics-ques-que-es-dediquen-a-lambit-dentrenament-i-la-preparacio-fisica\/#breadcrumb\"},\"inLanguage\":\"es\",\"potentialAction\":[{\"@type\":\"ReadAction\",\"target\":[\"http:\/\/www.colefillesbalears.com\/web\/2020\/03\/27\/base-de-dades-publica-de-col%c2%b7legiats-des-educadors-es-fisics-ques-que-es-dediquen-a-lambit-dentrenament-i-la-preparacio-fisica\/\"]}]},{\"@type\":\"BreadcrumbList\",\"@id\":\"http:\/\/www.colefillesbalears.com\/web\/2020\/03\/27\/base-de-dades-publica-de-col%c2%b7legiats-des-educadors-es-fisics-ques-que-es-dediquen-a-lambit-dentrenament-i-la-preparacio-fisica\/#breadcrumb\",\"itemListElement\":[{\"@type\":\"ListItem\",\"position\":1,\"name\":\"Portada\",\"item\":\"http:\/\/www.colefillesbalears.com\/web\/\"},{\"@type\":\"ListItem\",\"position\":2,\"name\":\"BASE DE DADES P\u00daBLICA DE COL\u00b7LEGIATS\/DES EDUCADORS\/ES F\u00cdSICS\/QUES QUE ES DEDIQUEN A l&#8217;\u00c0MBIT D&#8217;ENTRENAMENT I LA PREPARACI\u00d3 F\u00cdSICA\"}]},{\"@type\":\"WebSite\",\"@id\":\"http:\/\/www.colefillesbalears.com\/web\/#website\",\"url\":\"http:\/\/www.colefillesbalears.com\/web\/\",\"name\":\"COLEF Illes Balears\",\"description\":\"\",\"publisher\":{\"@id\":\"http:\/\/www.colefillesbalears.com\/web\/#organization\"},\"potentialAction\":[{\"@type\":\"SearchAction\",\"target\":{\"@type\":\"EntryPoint\",\"urlTemplate\":\"http:\/\/www.colefillesbalears.com\/web\/?s={search_term_string}\"},\"query-input\":\"required name=search_term_string\"}],\"inLanguage\":\"es\"},{\"@type\":\"Organization\",\"@id\":\"http:\/\/www.colefillesbalears.com\/web\/#organization\",\"name\":\"Col\u00b7legi Oficial de Llicenciats en Ci\u00e8ncies de l'Activitat F\u00edsica i l'Esport de les Illes Balears\",\"url\":\"http:\/\/www.colefillesbalears.com\/web\/\",\"sameAs\":[\"https:\/\/www.youtube.com\/channel\/UClDRzEzUh03bePGcdVFw1cQ\/featured\",\"https:\/\/www.facebook.com\/colef.illesbalears\/?ref=bookmarks\",\"https:\/\/twitter.com\/COLEFBalears\"],\"logo\":{\"@type\":\"ImageObject\",\"inLanguage\":\"es\",\"@id\":\"http:\/\/www.colefillesbalears.com\/web\/#\/schema\/logo\/image\/\",\"url\":\"http:\/\/www.colefillesbalears.com\/web\/wp-content\/uploads\/2019\/05\/logo-colef-5.png\",\"contentUrl\":\"http:\/\/www.colefillesbalears.com\/web\/wp-content\/uploads\/2019\/05\/logo-colef-5.png\",\"width\":414,\"height\":175,\"caption\":\"Col\u00b7legi Oficial de Llicenciats en Ci\u00e8ncies de l'Activitat F\u00edsica i l'Esport de les Illes Balears\"},\"image\":{\"@id\":\"http:\/\/www.colefillesbalears.com\/web\/#\/schema\/logo\/image\/\"}},{\"@type\":\"Person\",\"@id\":\"http:\/\/www.colefillesbalears.com\/web\/#\/schema\/person\/67bfa54d8a7a8533be8dac16e810fde7\",\"name\":\"RAUL\",\"sameAs\":[\"https:\/\/www.facebook.com\/colef.illesbalears\/\",\"https:\/\/twitter.com\/COLEFBalears\"]}]}<\/script>\n<!-- \/ Yoast SEO plugin. -->","yoast_head_json":{"title":"BASE DE DADES P\u00daBLICA DE COL\u00b7LEGIATS\/DES EDUCADORS\/ES F\u00cdSICS\/QUES QUE ES DEDIQUEN A l'\u00c0MBIT D'ENTRENAMENT I LA PREPARACI\u00d3 F\u00cdSICA - COLEF Illes Balears","robots":{"index":"index","follow":"follow","max-snippet":"max-snippet:-1","max-image-preview":"max-image-preview:large","max-video-preview":"max-video-preview:-1"},"canonical":"http:\/\/www.colefillesbalears.com\/web\/2020\/03\/27\/base-de-dades-publica-de-col\u00b7legiats-des-educadors-es-fisics-ques-que-es-dediquen-a-lambit-dentrenament-i-la-preparacio-fisica\/","og_locale":"es_ES","og_type":"article","og_title":"BASE DE DADES P\u00daBLICA DE COL\u00b7LEGIATS\/DES EDUCADORS\/ES F\u00cdSICS\/QUES QUE ES DEDIQUEN A l'\u00c0MBIT D'ENTRENAMENT I LA PREPARACI\u00d3 F\u00cdSICA - COLEF Illes Balears","og_description":"Bon dia Col\u00b7legiats\/des, Continuem treballant i estant al peu del can\u00f3 en aquests moments tan complicats per a tots per a buscar iniciatives perqu\u00e8 els nostres col\u00b7legiats puguin continuar exercint la seva professi\u00f3. Uns dels sectors m\u00e9s afectat avui dia s\u00f3n els preparadors f\u00edsics i entrenadors personals, entre altres, ja sigui perqu\u00e8 s\u00f3n aut\u00f2noms i [&hellip;]","og_url":"http:\/\/www.colefillesbalears.com\/web\/2020\/03\/27\/base-de-dades-publica-de-col\u00b7legiats-des-educadors-es-fisics-ques-que-es-dediquen-a-lambit-dentrenament-i-la-preparacio-fisica\/","og_site_name":"COLEF Illes Balears","article_publisher":"https:\/\/www.facebook.com\/colef.illesbalears\/?ref=bookmarks","article_author":"https:\/\/www.facebook.com\/colef.illesbalears\/","article_published_time":"2020-03-27T15:00:47+00:00","article_modified_time":"2020-03-27T08:17:25+00:00","author":"RAUL","twitter_card":"summary_large_image","twitter_creator":"@COLEFBalears","twitter_site":"@COLEFBalears","twitter_misc":{"Escrito por":"RAUL","Tiempo de lectura":"2 minutos"},"schema":{"@context":"https:\/\/schema.org","@graph":[{"@type":"Article","@id":"http:\/\/www.colefillesbalears.com\/web\/2020\/03\/27\/base-de-dades-publica-de-col%c2%b7legiats-des-educadors-es-fisics-ques-que-es-dediquen-a-lambit-dentrenament-i-la-preparacio-fisica\/#article","isPartOf":{"@id":"http:\/\/www.colefillesbalears.com\/web\/2020\/03\/27\/base-de-dades-publica-de-col%c2%b7legiats-des-educadors-es-fisics-ques-que-es-dediquen-a-lambit-dentrenament-i-la-preparacio-fisica\/"},"author":{"name":"RAUL","@id":"http:\/\/www.colefillesbalears.com\/web\/#\/schema\/person\/67bfa54d8a7a8533be8dac16e810fde7"},"headline":"BASE DE DADES P\u00daBLICA DE COL\u00b7LEGIATS\/DES EDUCADORS\/ES F\u00cdSICS\/QUES QUE ES DEDIQUEN A l&#8217;\u00c0MBIT D&#8217;ENTRENAMENT I LA PREPARACI\u00d3 F\u00cdSICA","datePublished":"2020-03-27T15:00:47+00:00","dateModified":"2020-03-27T08:17:25+00:00","mainEntityOfPage":{"@id":"http:\/\/www.colefillesbalears.com\/web\/2020\/03\/27\/base-de-dades-publica-de-col%c2%b7legiats-des-educadors-es-fisics-ques-que-es-dediquen-a-lambit-dentrenament-i-la-preparacio-fisica\/"},"wordCount":347,"publisher":{"@id":"http:\/\/www.colefillesbalears.com\/web\/#organization"},"articleSection":["Actualitat"],"inLanguage":"es"},{"@type":"WebPage","@id":"http:\/\/www.colefillesbalears.com\/web\/2020\/03\/27\/base-de-dades-publica-de-col%c2%b7legiats-des-educadors-es-fisics-ques-que-es-dediquen-a-lambit-dentrenament-i-la-preparacio-fisica\/","url":"http:\/\/www.colefillesbalears.com\/web\/2020\/03\/27\/base-de-dades-publica-de-col%c2%b7legiats-des-educadors-es-fisics-ques-que-es-dediquen-a-lambit-dentrenament-i-la-preparacio-fisica\/","name":"BASE DE DADES P\u00daBLICA DE COL\u00b7LEGIATS\/DES EDUCADORS\/ES F\u00cdSICS\/QUES QUE ES DEDIQUEN A l'\u00c0MBIT D'ENTRENAMENT I LA PREPARACI\u00d3 F\u00cdSICA - COLEF Illes Balears","isPartOf":{"@id":"http:\/\/www.colefillesbalears.com\/web\/#website"},"datePublished":"2020-03-27T15:00:47+00:00","dateModified":"2020-03-27T08:17:25+00:00","breadcrumb":{"@id":"http:\/\/www.colefillesbalears.com\/web\/2020\/03\/27\/base-de-dades-publica-de-col%c2%b7legiats-des-educadors-es-fisics-ques-que-es-dediquen-a-lambit-dentrenament-i-la-preparacio-fisica\/#breadcrumb"},"inLanguage":"es","potentialAction":[{"@type":"ReadAction","target":["http:\/\/www.colefillesbalears.com\/web\/2020\/03\/27\/base-de-dades-publica-de-col%c2%b7legiats-des-educadors-es-fisics-ques-que-es-dediquen-a-lambit-dentrenament-i-la-preparacio-fisica\/"]}]},{"@type":"BreadcrumbList","@id":"http:\/\/www.colefillesbalears.com\/web\/2020\/03\/27\/base-de-dades-publica-de-col%c2%b7legiats-des-educadors-es-fisics-ques-que-es-dediquen-a-lambit-dentrenament-i-la-preparacio-fisica\/#breadcrumb","itemListElement":[{"@type":"ListItem","position":1,"name":"Portada","item":"http:\/\/www.colefillesbalears.com\/web\/"},{"@type":"ListItem","position":2,"name":"BASE DE DADES P\u00daBLICA DE COL\u00b7LEGIATS\/DES EDUCADORS\/ES F\u00cdSICS\/QUES QUE ES DEDIQUEN A l&#8217;\u00c0MBIT D&#8217;ENTRENAMENT I LA PREPARACI\u00d3 F\u00cdSICA"}]},{"@type":"WebSite","@id":"http:\/\/www.colefillesbalears.com\/web\/#website","url":"http:\/\/www.colefillesbalears.com\/web\/","name":"COLEF Illes Balears","description":"","publisher":{"@id":"http:\/\/www.colefillesbalears.com\/web\/#organization"},"potentialAction":[{"@type":"SearchAction","target":{"@type":"EntryPoint","urlTemplate":"http:\/\/www.colefillesbalears.com\/web\/?s={search_term_string}"},"query-input":"required name=search_term_string"}],"inLanguage":"es"},{"@type":"Organization","@id":"http:\/\/www.colefillesbalears.com\/web\/#organization","name":"Col\u00b7legi Oficial de Llicenciats en Ci\u00e8ncies de l'Activitat F\u00edsica i l'Esport de les Illes Balears","url":"http:\/\/www.colefillesbalears.com\/web\/","sameAs":["https:\/\/www.youtube.com\/channel\/UClDRzEzUh03bePGcdVFw1cQ\/featured","https:\/\/www.facebook.com\/colef.illesbalears\/?ref=bookmarks","https:\/\/twitter.com\/COLEFBalears"],"logo":{"@type":"ImageObject","inLanguage":"es","@id":"http:\/\/www.colefillesbalears.com\/web\/#\/schema\/logo\/image\/","url":"http:\/\/www.colefillesbalears.com\/web\/wp-content\/uploads\/2019\/05\/logo-colef-5.png","contentUrl":"http:\/\/www.colefillesbalears.com\/web\/wp-content\/uploads\/2019\/05\/logo-colef-5.png","width":414,"height":175,"caption":"Col\u00b7legi Oficial de Llicenciats en Ci\u00e8ncies de l'Activitat F\u00edsica i l'Esport de les Illes Balears"},"image":{"@id":"http:\/\/www.colefillesbalears.com\/web\/#\/schema\/logo\/image\/"}},{"@type":"Person","@id":"http:\/\/www.colefillesbalears.com\/web\/#\/schema\/person\/67bfa54d8a7a8533be8dac16e810fde7","name":"RAUL","sameAs":["https:\/\/www.facebook.com\/colef.illesbalears\/","https:\/\/twitter.com\/COLEFBalears"]}]}},"_links":{"self":[{"href":"https:\/\/www.colefillesbalears.com\/web\/wp-json\/wp\/v2\/posts\/4630"}],"collection":[{"href":"https:\/\/www.colefillesbalears.com\/web\/wp-json\/wp\/v2\/posts"}],"about":[{"href":"https:\/\/www.colefillesbalears.com\/web\/wp-json\/wp\/v2\/types\/post"}],"author":[{"embeddable":true,"href":"https:\/\/www.colefillesbalears.com\/web\/wp-json\/wp\/v2\/users\/4"}],"replies":[{"embeddable":true,"href":"https:\/\/www.colefillesbalears.com\/web\/wp-json\/wp\/v2\/comments?post=4630"}],"version-history":[{"count":1,"href":"https:\/\/www.colefillesbalears.com\/web\/wp-json\/wp\/v2\/posts\/4630\/revisions"}],"predecessor-version":[{"id":4631,"href":"https:\/\/www.colefillesbalears.com\/web\/wp-json\/wp\/v2\/posts\/4630\/revisions\/4631"}],"wp:attachment":[{"href":"https:\/\/www.colefillesbalears.com\/web\/wp-json\/wp\/v2\/media?parent=4630"}],"wp:term":[{"taxonomy":"category","embeddable":true,"href":"https:\/\/www.colefillesbalears.com\/web\/wp-json\/wp\/v2\/categories?post=4630"},{"taxonomy":"post_tag","embeddable":true,"href":"https:\/\/www.colefillesbalears.com\/web\/wp-json\/wp\/v2\/tags?post=4630"}],"curies":[{"name":"wp","href":"https:\/\/api.w.org\/{rel}","templated":true}]}}