{"id":4576,"date":"2020-03-13T19:08:26","date_gmt":"2020-03-13T19:08:26","guid":{"rendered":"http:\/\/www.colefillesbalears.com\/web\/?p=4576"},"modified":"2020-03-27T08:07:12","modified_gmt":"2020-03-27T08:07:12","slug":"important-comunicat-oficial-colef-illes-balears","status":"publish","type":"post","link":"https:\/\/www.colefillesbalears.com\/web\/2020\/03\/13\/important-comunicat-oficial-colef-illes-balears\/","title":{"rendered":"IMPORTANT: Comunicat oficial COLEF Illes Balears"},"content":{"rendered":"\n<div class=\"wp-block-image\"><figure class=\"aligncenter\"><img decoding=\"async\" src=\"http:\/\/www.colefillesbalears.com\/web\/wp-content\/uploads\/2020\/03\/images.png\" alt=\"\" class=\"wp-image-4577\"\/><\/figure><\/div>\n\n\n\n<p>A causa de la situaci\u00f3 actual que estem travessant en aquests moments, i que som conscients que canvia dia a dia, el COLEF ILLES BALEARS s&#8217;adapta a les recomanacions de la Conselleria de Sanitat i Consum.<br>\u00c9s per aix\u00f2 que el COLEF, mitjan\u00e7ant un acord de Junta de Govern, i les informacions d\u2019\u00faltima hora s&#8217;uneixi a les recomanacions esmentades i a partir del dilluns 16 de mar\u00e7 es tancar\u00e0 l&#8217;oficina d\u2019atenci\u00f3 al col\u2022legiat i realitzar\u00e0 l&#8217;activitat via teletreball.<br>L&#8217;atenci\u00f3 als nostres col\u2022legiats es continuar\u00e0 produint mitjan\u00e7ant via correu electr\u00f2nica, tel\u00e8fon i xarxes socials com fins ara s&#8217;estava duent a terme.<br>Les&nbsp; indicacions i protocols actualitzats per part del Govern de les Illes Balears la trobeu al&nbsp; BUTLLET\u00cd EXTRAORDINARI DE AVUI MATEIX:<br><a href=\"http:\/\/www.caib.es\/eboibfront\/ca\/2020\/11132\/633264\/acord-del-consell-de-govern-de-13-de-marc-de-2020-\" rel=\"noreferrer noopener\" target=\"_blank\">http:\/\/www.caib.es\/eboibfront\/ca\/2020\/11132\/633264\/acord-del-consell-de-govern-de-13-de-marc-de-2020-<\/a><br>\u201cAcord del Consell de Govern de 13 de mar\u00e7 de 2020 pel qual s\u2019aprova el Pla de Mesures Excepcionals per Limitar la Propagaci\u00f3 i el Contagi del COVID-19\u201d<br>Hi ha aquest punt:<br>III. Mesures relatives als serveis socials, als esports i a la joventut.<br>2. Suspensi\u00f3 d\u2019activitats esportives<br>\u2014 Des del 16 fins al 30 de mar\u00e7 de 2020 se suspenen les activitats seg\u00fcents:<br>\u2022&nbsp; &nbsp; &nbsp; &nbsp;Les competicions esportives de car\u00e0cter estatal o internacional que se celebrin a la comunitat aut\u00f2noma de les Illes Balears.<\/p>\n\n\n\n<p>\u2022&nbsp; &nbsp; &nbsp; &nbsp;Les activitats a les instal\u2022lacions esportives, p\u00fabliques i privades, situades a les Illes Balears.<br>\u2022&nbsp; &nbsp; &nbsp; &nbsp;Els programes de tecnificaci\u00f3 esportiva, tret de la preparaci\u00f3 dels esportistes ol\u00edmpics o equivalents.<br>\u2014 Les competicions esportives de car\u00e0cter insular o interinsular se suspenen des de la publicaci\u00f3 d\u2019aquest Acord fins al dia 30 de mar\u00e7.<\/p>\n\n\n\n<p>Tot i que, com a professionals de l\u2019Educaci\u00f3 F\u00edsica i Esportiva i basant-nos en l&#8217;article 5 del codi deontol\u00f2gic propi, apel\u2022lem al fet que els nostres col\u2022legiats s&#8217;acullin a la responsabilitat professional.<\/p>\n\n\n\n<p>ARTICLE 05.- D&#8217;actuaci\u00f3 amb les persones consumidores i\/o usu\u00e0ries, alumnat, esportistes i entitats p\u00fabliques o privades.<\/p>\n\n\n\n<p>1. La relaci\u00f3 amb les persones consumidores i\/o usu\u00e0ries, alumnat, esportistes i entitats p\u00fabliques o privades es fonamenta en la rec\u00edproca confian\u00e7a i exigeix una conducta professional \u00edntegra, honrada, lleial, vera\u00e7 i diligent.<br>2. Totes les persones consumidores i\/o usu\u00e0ries, alumnat, esportistes i entitats p\u00fabliques o privades tenen el dret a rebre serveis professionals de l&#8217;Educaci\u00f3 F\u00edsica i Esportiva amb nivells de qualitat i seguretat que busquin l&#8217;excel\u2022l\u00e8ncia professional.<\/p>\n\n\n\n<p>Per a concloure, cal esperar les informacions que es rebran dem\u00e0 des del Govern de l&#8217;Estat sobre la roda de premsa realitzada pel President i les mesures a prendre respecte la situaci\u00f3 actual.<\/p>\n\n\n\n<p>Us continuarem informant!!!<br>Atentament,<\/p>\n\n\n\n<p>Segueix les p\u00e0gines oficials:<br><a href=\"http:\/\/www.caib.es\/sites\/coronavirus.es\" rel=\"noreferrer noopener\" target=\"_blank\">http:\/\/www.caib.es\/sites\/coronavirus.es<\/a><br>Twitter: @SalutGOIB<br>Facebook: @ConselleriaSalut<br><\/p>\n","protected":false},"excerpt":{"rendered":"<p>A causa de la situaci\u00f3 actual que estem travessant en aquests moments, i que som conscients que canvia dia a dia, el COLEF ILLES BALEARS s&#8217;adapta a les recomanacions de la Conselleria de Sanitat i Consum.\u00c9s per aix\u00f2 que el COLEF, mitjan\u00e7ant un acord de Junta de Govern, i les informacions d\u2019\u00faltima hora s&#8217;uneixi a [&hellip;]<\/p>\n","protected":false},"author":4,"featured_media":0,"comment_status":"closed","ping_status":"closed","sticky":false,"template":"","format":"standard","meta":[],"categories":[498],"tags":[],"yoast_head":"<!-- This site is optimized with the Yoast SEO plugin v19.6.1 - https:\/\/yoast.com\/wordpress\/plugins\/seo\/ -->\n<title>IMPORTANT: Comunicat oficial COLEF Illes Balears - COLEF Illes Balears<\/title>\n<meta name=\"robots\" content=\"index, follow, max-snippet:-1, max-image-preview:large, max-video-preview:-1\" \/>\n<link rel=\"canonical\" href=\"https:\/\/www.colefillesbalears.com\/web\/2020\/03\/13\/important-comunicat-oficial-colef-illes-balears\/\" \/>\n<meta property=\"og:locale\" content=\"es_ES\" \/>\n<meta property=\"og:type\" content=\"article\" \/>\n<meta property=\"og:title\" content=\"IMPORTANT: Comunicat oficial COLEF Illes Balears - COLEF Illes Balears\" \/>\n<meta property=\"og:description\" content=\"A causa de la situaci\u00f3 actual que estem travessant en aquests moments, i que som conscients que canvia dia a dia, el COLEF ILLES BALEARS s&#8217;adapta a les recomanacions de la Conselleria de Sanitat i Consum.\u00c9s per aix\u00f2 que el COLEF, mitjan\u00e7ant un acord de Junta de Govern, i les informacions d\u2019\u00faltima hora s&#8217;uneixi a [&hellip;]\" \/>\n<meta property=\"og:url\" content=\"https:\/\/www.colefillesbalears.com\/web\/2020\/03\/13\/important-comunicat-oficial-colef-illes-balears\/\" \/>\n<meta property=\"og:site_name\" content=\"COLEF Illes Balears\" \/>\n<meta property=\"article:publisher\" content=\"https:\/\/www.facebook.com\/colef.illesbalears\/?ref=bookmarks\" \/>\n<meta property=\"article:author\" content=\"https:\/\/www.facebook.com\/colef.illesbalears\/\" \/>\n<meta property=\"article:published_time\" content=\"2020-03-13T19:08:26+00:00\" \/>\n<meta property=\"article:modified_time\" content=\"2020-03-27T08:07:12+00:00\" \/>\n<meta property=\"og:image\" content=\"http:\/\/www.colefillesbalears.com\/web\/wp-content\/uploads\/2020\/03\/images.png\" \/>\n<meta name=\"author\" content=\"RAUL\" \/>\n<meta name=\"twitter:card\" content=\"summary_large_image\" \/>\n<meta name=\"twitter:creator\" content=\"@COLEFBalears\" \/>\n<meta name=\"twitter:site\" content=\"@COLEFBalears\" \/>\n<meta name=\"twitter:label1\" content=\"Escrito por\" \/>\n\t<meta name=\"twitter:data1\" content=\"RAUL\" \/>\n\t<meta name=\"twitter:label2\" content=\"Tiempo de lectura\" \/>\n\t<meta name=\"twitter:data2\" content=\"2 minutos\" \/>\n<script type=\"application\/ld+json\" class=\"yoast-schema-graph\">{\"@context\":\"https:\/\/schema.org\",\"@graph\":[{\"@type\":\"Article\",\"@id\":\"https:\/\/www.colefillesbalears.com\/web\/2020\/03\/13\/important-comunicat-oficial-colef-illes-balears\/#article\",\"isPartOf\":{\"@id\":\"https:\/\/www.colefillesbalears.com\/web\/2020\/03\/13\/important-comunicat-oficial-colef-illes-balears\/\"},\"author\":{\"name\":\"RAUL\",\"@id\":\"http:\/\/www.colefillesbalears.com\/web\/#\/schema\/person\/67bfa54d8a7a8533be8dac16e810fde7\"},\"headline\":\"IMPORTANT: Comunicat oficial COLEF Illes Balears\",\"datePublished\":\"2020-03-13T19:08:26+00:00\",\"dateModified\":\"2020-03-27T08:07:12+00:00\",\"mainEntityOfPage\":{\"@id\":\"https:\/\/www.colefillesbalears.com\/web\/2020\/03\/13\/important-comunicat-oficial-colef-illes-balears\/\"},\"wordCount\":476,\"publisher\":{\"@id\":\"http:\/\/www.colefillesbalears.com\/web\/#organization\"},\"articleSection\":[\"Actualitat\"],\"inLanguage\":\"es\"},{\"@type\":\"WebPage\",\"@id\":\"https:\/\/www.colefillesbalears.com\/web\/2020\/03\/13\/important-comunicat-oficial-colef-illes-balears\/\",\"url\":\"https:\/\/www.colefillesbalears.com\/web\/2020\/03\/13\/important-comunicat-oficial-colef-illes-balears\/\",\"name\":\"IMPORTANT: Comunicat oficial COLEF Illes Balears - COLEF Illes Balears\",\"isPartOf\":{\"@id\":\"http:\/\/www.colefillesbalears.com\/web\/#website\"},\"datePublished\":\"2020-03-13T19:08:26+00:00\",\"dateModified\":\"2020-03-27T08:07:12+00:00\",\"breadcrumb\":{\"@id\":\"https:\/\/www.colefillesbalears.com\/web\/2020\/03\/13\/important-comunicat-oficial-colef-illes-balears\/#breadcrumb\"},\"inLanguage\":\"es\",\"potentialAction\":[{\"@type\":\"ReadAction\",\"target\":[\"https:\/\/www.colefillesbalears.com\/web\/2020\/03\/13\/important-comunicat-oficial-colef-illes-balears\/\"]}]},{\"@type\":\"BreadcrumbList\",\"@id\":\"https:\/\/www.colefillesbalears.com\/web\/2020\/03\/13\/important-comunicat-oficial-colef-illes-balears\/#breadcrumb\",\"itemListElement\":[{\"@type\":\"ListItem\",\"position\":1,\"name\":\"Portada\",\"item\":\"http:\/\/www.colefillesbalears.com\/web\/\"},{\"@type\":\"ListItem\",\"position\":2,\"name\":\"IMPORTANT: Comunicat oficial COLEF Illes Balears\"}]},{\"@type\":\"WebSite\",\"@id\":\"http:\/\/www.colefillesbalears.com\/web\/#website\",\"url\":\"http:\/\/www.colefillesbalears.com\/web\/\",\"name\":\"COLEF Illes Balears\",\"description\":\"\",\"publisher\":{\"@id\":\"http:\/\/www.colefillesbalears.com\/web\/#organization\"},\"potentialAction\":[{\"@type\":\"SearchAction\",\"target\":{\"@type\":\"EntryPoint\",\"urlTemplate\":\"http:\/\/www.colefillesbalears.com\/web\/?s={search_term_string}\"},\"query-input\":\"required name=search_term_string\"}],\"inLanguage\":\"es\"},{\"@type\":\"Organization\",\"@id\":\"http:\/\/www.colefillesbalears.com\/web\/#organization\",\"name\":\"Col\u00b7legi Oficial de Llicenciats en Ci\u00e8ncies de l'Activitat F\u00edsica i l'Esport de les Illes Balears\",\"url\":\"http:\/\/www.colefillesbalears.com\/web\/\",\"sameAs\":[\"https:\/\/www.youtube.com\/channel\/UClDRzEzUh03bePGcdVFw1cQ\/featured\",\"https:\/\/www.facebook.com\/colef.illesbalears\/?ref=bookmarks\",\"https:\/\/twitter.com\/COLEFBalears\"],\"logo\":{\"@type\":\"ImageObject\",\"inLanguage\":\"es\",\"@id\":\"http:\/\/www.colefillesbalears.com\/web\/#\/schema\/logo\/image\/\",\"url\":\"http:\/\/www.colefillesbalears.com\/web\/wp-content\/uploads\/2019\/05\/logo-colef-5.png\",\"contentUrl\":\"http:\/\/www.colefillesbalears.com\/web\/wp-content\/uploads\/2019\/05\/logo-colef-5.png\",\"width\":414,\"height\":175,\"caption\":\"Col\u00b7legi Oficial de Llicenciats en Ci\u00e8ncies de l'Activitat F\u00edsica i l'Esport de les Illes Balears\"},\"image\":{\"@id\":\"http:\/\/www.colefillesbalears.com\/web\/#\/schema\/logo\/image\/\"}},{\"@type\":\"Person\",\"@id\":\"http:\/\/www.colefillesbalears.com\/web\/#\/schema\/person\/67bfa54d8a7a8533be8dac16e810fde7\",\"name\":\"RAUL\",\"sameAs\":[\"https:\/\/www.facebook.com\/colef.illesbalears\/\",\"https:\/\/twitter.com\/COLEFBalears\"]}]}<\/script>\n<!-- \/ Yoast SEO plugin. -->","yoast_head_json":{"title":"IMPORTANT: Comunicat oficial COLEF Illes Balears - COLEF Illes Balears","robots":{"index":"index","follow":"follow","max-snippet":"max-snippet:-1","max-image-preview":"max-image-preview:large","max-video-preview":"max-video-preview:-1"},"canonical":"https:\/\/www.colefillesbalears.com\/web\/2020\/03\/13\/important-comunicat-oficial-colef-illes-balears\/","og_locale":"es_ES","og_type":"article","og_title":"IMPORTANT: Comunicat oficial COLEF Illes Balears - COLEF Illes Balears","og_description":"A causa de la situaci\u00f3 actual que estem travessant en aquests moments, i que som conscients que canvia dia a dia, el COLEF ILLES BALEARS s&#8217;adapta a les recomanacions de la Conselleria de Sanitat i Consum.\u00c9s per aix\u00f2 que el COLEF, mitjan\u00e7ant un acord de Junta de Govern, i les informacions d\u2019\u00faltima hora s&#8217;uneixi a [&hellip;]","og_url":"https:\/\/www.colefillesbalears.com\/web\/2020\/03\/13\/important-comunicat-oficial-colef-illes-balears\/","og_site_name":"COLEF Illes Balears","article_publisher":"https:\/\/www.facebook.com\/colef.illesbalears\/?ref=bookmarks","article_author":"https:\/\/www.facebook.com\/colef.illesbalears\/","article_published_time":"2020-03-13T19:08:26+00:00","article_modified_time":"2020-03-27T08:07:12+00:00","og_image":[{"url":"http:\/\/www.colefillesbalears.com\/web\/wp-content\/uploads\/2020\/03\/images.png"}],"author":"RAUL","twitter_card":"summary_large_image","twitter_creator":"@COLEFBalears","twitter_site":"@COLEFBalears","twitter_misc":{"Escrito por":"RAUL","Tiempo de lectura":"2 minutos"},"schema":{"@context":"https:\/\/schema.org","@graph":[{"@type":"Article","@id":"https:\/\/www.colefillesbalears.com\/web\/2020\/03\/13\/important-comunicat-oficial-colef-illes-balears\/#article","isPartOf":{"@id":"https:\/\/www.colefillesbalears.com\/web\/2020\/03\/13\/important-comunicat-oficial-colef-illes-balears\/"},"author":{"name":"RAUL","@id":"http:\/\/www.colefillesbalears.com\/web\/#\/schema\/person\/67bfa54d8a7a8533be8dac16e810fde7"},"headline":"IMPORTANT: Comunicat oficial COLEF Illes Balears","datePublished":"2020-03-13T19:08:26+00:00","dateModified":"2020-03-27T08:07:12+00:00","mainEntityOfPage":{"@id":"https:\/\/www.colefillesbalears.com\/web\/2020\/03\/13\/important-comunicat-oficial-colef-illes-balears\/"},"wordCount":476,"publisher":{"@id":"http:\/\/www.colefillesbalears.com\/web\/#organization"},"articleSection":["Actualitat"],"inLanguage":"es"},{"@type":"WebPage","@id":"https:\/\/www.colefillesbalears.com\/web\/2020\/03\/13\/important-comunicat-oficial-colef-illes-balears\/","url":"https:\/\/www.colefillesbalears.com\/web\/2020\/03\/13\/important-comunicat-oficial-colef-illes-balears\/","name":"IMPORTANT: Comunicat oficial COLEF Illes Balears - COLEF Illes Balears","isPartOf":{"@id":"http:\/\/www.colefillesbalears.com\/web\/#website"},"datePublished":"2020-03-13T19:08:26+00:00","dateModified":"2020-03-27T08:07:12+00:00","breadcrumb":{"@id":"https:\/\/www.colefillesbalears.com\/web\/2020\/03\/13\/important-comunicat-oficial-colef-illes-balears\/#breadcrumb"},"inLanguage":"es","potentialAction":[{"@type":"ReadAction","target":["https:\/\/www.colefillesbalears.com\/web\/2020\/03\/13\/important-comunicat-oficial-colef-illes-balears\/"]}]},{"@type":"BreadcrumbList","@id":"https:\/\/www.colefillesbalears.com\/web\/2020\/03\/13\/important-comunicat-oficial-colef-illes-balears\/#breadcrumb","itemListElement":[{"@type":"ListItem","position":1,"name":"Portada","item":"http:\/\/www.colefillesbalears.com\/web\/"},{"@type":"ListItem","position":2,"name":"IMPORTANT: Comunicat oficial COLEF Illes Balears"}]},{"@type":"WebSite","@id":"http:\/\/www.colefillesbalears.com\/web\/#website","url":"http:\/\/www.colefillesbalears.com\/web\/","name":"COLEF Illes Balears","description":"","publisher":{"@id":"http:\/\/www.colefillesbalears.com\/web\/#organization"},"potentialAction":[{"@type":"SearchAction","target":{"@type":"EntryPoint","urlTemplate":"http:\/\/www.colefillesbalears.com\/web\/?s={search_term_string}"},"query-input":"required name=search_term_string"}],"inLanguage":"es"},{"@type":"Organization","@id":"http:\/\/www.colefillesbalears.com\/web\/#organization","name":"Col\u00b7legi Oficial de Llicenciats en Ci\u00e8ncies de l'Activitat F\u00edsica i l'Esport de les Illes Balears","url":"http:\/\/www.colefillesbalears.com\/web\/","sameAs":["https:\/\/www.youtube.com\/channel\/UClDRzEzUh03bePGcdVFw1cQ\/featured","https:\/\/www.facebook.com\/colef.illesbalears\/?ref=bookmarks","https:\/\/twitter.com\/COLEFBalears"],"logo":{"@type":"ImageObject","inLanguage":"es","@id":"http:\/\/www.colefillesbalears.com\/web\/#\/schema\/logo\/image\/","url":"http:\/\/www.colefillesbalears.com\/web\/wp-content\/uploads\/2019\/05\/logo-colef-5.png","contentUrl":"http:\/\/www.colefillesbalears.com\/web\/wp-content\/uploads\/2019\/05\/logo-colef-5.png","width":414,"height":175,"caption":"Col\u00b7legi Oficial de Llicenciats en Ci\u00e8ncies de l'Activitat F\u00edsica i l'Esport de les Illes Balears"},"image":{"@id":"http:\/\/www.colefillesbalears.com\/web\/#\/schema\/logo\/image\/"}},{"@type":"Person","@id":"http:\/\/www.colefillesbalears.com\/web\/#\/schema\/person\/67bfa54d8a7a8533be8dac16e810fde7","name":"RAUL","sameAs":["https:\/\/www.facebook.com\/colef.illesbalears\/","https:\/\/twitter.com\/COLEFBalears"]}]}},"_links":{"self":[{"href":"https:\/\/www.colefillesbalears.com\/web\/wp-json\/wp\/v2\/posts\/4576"}],"collection":[{"href":"https:\/\/www.colefillesbalears.com\/web\/wp-json\/wp\/v2\/posts"}],"about":[{"href":"https:\/\/www.colefillesbalears.com\/web\/wp-json\/wp\/v2\/types\/post"}],"author":[{"embeddable":true,"href":"https:\/\/www.colefillesbalears.com\/web\/wp-json\/wp\/v2\/users\/4"}],"replies":[{"embeddable":true,"href":"https:\/\/www.colefillesbalears.com\/web\/wp-json\/wp\/v2\/comments?post=4576"}],"version-history":[{"count":1,"href":"https:\/\/www.colefillesbalears.com\/web\/wp-json\/wp\/v2\/posts\/4576\/revisions"}],"predecessor-version":[{"id":4578,"href":"https:\/\/www.colefillesbalears.com\/web\/wp-json\/wp\/v2\/posts\/4576\/revisions\/4578"}],"wp:attachment":[{"href":"https:\/\/www.colefillesbalears.com\/web\/wp-json\/wp\/v2\/media?parent=4576"}],"wp:term":[{"taxonomy":"category","embeddable":true,"href":"https:\/\/www.colefillesbalears.com\/web\/wp-json\/wp\/v2\/categories?post=4576"},{"taxonomy":"post_tag","embeddable":true,"href":"https:\/\/www.colefillesbalears.com\/web\/wp-json\/wp\/v2\/tags?post=4576"}],"curies":[{"name":"wp","href":"https:\/\/api.w.org\/{rel}","templated":true}]}}