{"id":1863,"date":"2016-11-02T07:49:11","date_gmt":"2016-11-02T07:49:11","guid":{"rendered":"http:\/\/www.colefillesbalears.com\/web\/?p=1863"},"modified":"2016-11-04T07:57:01","modified_gmt":"2016-11-04T07:57:02","slug":"convocatoria-curs-cep-per-professorat-com-introduir-i-treballar-la-percussio-corporal-i-activitats-expressives-a-laula","status":"publish","type":"post","link":"https:\/\/www.colefillesbalears.com\/web\/2016\/11\/02\/convocatoria-curs-cep-per-professorat-com-introduir-i-treballar-la-percussio-corporal-i-activitats-expressives-a-laula\/","title":{"rendered":"Convocat\u00f2ria curs CEP per professorat: Com introduir i treballar la percussi\u00f3 corporal i activitats expressives a l\u2019aula"},"content":{"rendered":"<p>Igual que a l\u2019edici\u00f3 anterior, la nostra col\u00b7legiada, S\u00edlvia Garc\u00edas de Ves (col\u00b7 10.513) ser\u00e0 la responsable de realitzar el curs \u2018Com introduir i treballar la percussi\u00f3 corporal i activitats expressives a l\u2019aula\u2019, organitzat per la direcci\u00f3 insular d\u2019Esports del Consell de Mallorca amb la col\u00b7laboraci\u00f3 de la Direcci\u00f3 General de Formaci\u00f3 Professional i Formaci\u00f3 del Professorat de la Conselleria d\u2019Educaci\u00f3 i Universitat del Govern de les Illes Balears i pel Col\u00b7legi Oficial de Llicenciats en Ci\u00e8ncies de l\u2019Activitat F\u00edsica i l\u2019Esport (COLEF IB).<\/p>\n<p>En aquest cas, el curs \u00e9s dur\u00e0 a terme al IES Mossen Alcover. Podeu formalitzar la inscripci\u00f3 a la mateixa <a href=\"http:\/\/cepmanacor.caib.es\/\" target=\"_blank\">web del CEP Manacor<\/a>.\u00a0 Adjuntada est\u00e0 la convocat\u00f2ria.<\/p>\n<p>Els objectius d\u2019aquest curs s\u00f3n:<\/p>\n<p>&#8211; Con\u00e8ixer i acceptar les possibilitats i les limitacions del propi cos, aix\u00ed com les dels companys.<\/p>\n<p>&#8211; Recon\u00e8ixer una postura corporal i expressar sentiments i missatges mitjan\u00e7ant el cos.<\/p>\n<p>&#8211; Refor\u00e7ar moviments de coordinaci\u00f3 entre membre lateral dret i membre lateral esquerre (lateralitat); aix\u00ed com membres superiors i inferiors.<\/p>\n<p>&#8211; Con\u00e8ixer conceptes b\u00e0sics musicals.<\/p>\n<p>&#8211; Utilitzar el cos per a la manifestaci\u00f3 r\u00edtmica del so.<\/p>\n<p>&#8211; Con\u00e8ixer les diferents possibilitats de la percussi\u00f3 corporal.<\/p>\n<p>&#8211; Crear una composici\u00f3 r\u00edtmica entre tots els alumnes.<\/p>\n<p>&#8211; Valorar i utilitzar el cos com a mitj\u00e0 d&#8217;expressi\u00f3 i comunicaci\u00f3, mitjan\u00e7ant el disseny i la pr\u00e0ctica d&#8217;activitats expressives amb i sense una base musical adequada.<\/p>\n<p>&#8211; Utilitzar la veu i el cos per expressar idees i sentiments, enriquir les pr\u00f2pies possibilitats de comunicaci\u00f3 i respectar altres formes d&#8217;expressi\u00f3.<\/p>\n<p>&#8211; Desenvolupar i aplicar diverses habilitats i t\u00e8cniques que possibilitin la interpretaci\u00f3 i la creaci\u00f3 musical, tant individual com en grup.<\/p>\n<p>A difer\u00e8ncia de l\u2019any anterior, com a denominador com\u00fa hi haur\u00e0 una intervenci\u00f3 d\u2019inclusi\u00f3 obligat\u00f2ria a totes les propostes que es posaran en pr\u00e0ctica.<\/p>\n<p>La durada d\u2019aquest curs ser\u00e0 de 20 hores repartides en diferents sessions te\u00f2riques i pr\u00e0ctiques. Es dies 8, 10, 15 i 17 de novembre de 16.30h a 20.30h, mentre que el 22 i 29 de novembre ser\u00e0 de 18h a 20h.<\/p>\n<p><a href=\"http:\/\/www.colefillesbalears.com\/web\/wp-content\/uploads\/2016\/11\/cep-manacor.pdf\" target=\"_blank\">M\u00e9s informaci\u00f3<\/a><\/p>\n<p>&nbsp;<\/p>\n<p><a href=\"http:\/\/www.colefillesbalears.com\/web\/wp-content\/uploads\/2016\/11\/cepmanacor.png\" target=\"_blank\"><img decoding=\"async\" loading=\"lazy\" class=\"alignnone wp-image-1869\" src=\"http:\/\/www.colefillesbalears.com\/web\/wp-content\/uploads\/2016\/11\/cepmanacor.png\" alt=\"cepmanacor\" width=\"290\" height=\"187\" \/><\/a><\/p>\n","protected":false},"excerpt":{"rendered":"<p>Igual que a l\u2019edici\u00f3 anterior, la nostra col\u00b7legiada, S\u00edlvia Garc\u00edas de Ves (col\u00b7 10.513) ser\u00e0 la responsable de realitzar el curs \u2018Com introduir i treballar la percussi\u00f3 corporal i activitats expressives a l\u2019aula\u2019, organitzat per la direcci\u00f3 insular d\u2019Esports del Consell de Mallorca amb la col\u00b7laboraci\u00f3 de la Direcci\u00f3 General de Formaci\u00f3 Professional i Formaci\u00f3 [&hellip;]<\/p>\n","protected":false},"author":1,"featured_media":0,"comment_status":"closed","ping_status":"closed","sticky":false,"template":"","format":"standard","meta":[],"categories":[152],"tags":[144,154,19,153,156,155],"yoast_head":"<!-- This site is optimized with the Yoast SEO plugin v19.6.1 - https:\/\/yoast.com\/wordpress\/plugins\/seo\/ -->\n<title>Convocat\u00f2ria curs CEP per professorat: Com introduir i treballar la percussi\u00f3 corporal i activitats expressives a l\u2019aula - COLEF Illes Balears<\/title>\n<meta name=\"robots\" content=\"index, follow, max-snippet:-1, max-image-preview:large, max-video-preview:-1\" \/>\n<link rel=\"canonical\" href=\"https:\/\/www.colefillesbalears.com\/web\/2016\/11\/02\/convocatoria-curs-cep-per-professorat-com-introduir-i-treballar-la-percussio-corporal-i-activitats-expressives-a-laula\/\" \/>\n<meta property=\"og:locale\" content=\"es_ES\" \/>\n<meta property=\"og:type\" content=\"article\" \/>\n<meta property=\"og:title\" content=\"Convocat\u00f2ria curs CEP per professorat: Com introduir i treballar la percussi\u00f3 corporal i activitats expressives a l\u2019aula - COLEF Illes Balears\" \/>\n<meta property=\"og:description\" content=\"Igual que a l\u2019edici\u00f3 anterior, la nostra col\u00b7legiada, S\u00edlvia Garc\u00edas de Ves (col\u00b7 10.513) ser\u00e0 la responsable de realitzar el curs \u2018Com introduir i treballar la percussi\u00f3 corporal i activitats expressives a l\u2019aula\u2019, organitzat per la direcci\u00f3 insular d\u2019Esports del Consell de Mallorca amb la col\u00b7laboraci\u00f3 de la Direcci\u00f3 General de Formaci\u00f3 Professional i Formaci\u00f3 [&hellip;]\" \/>\n<meta property=\"og:url\" content=\"https:\/\/www.colefillesbalears.com\/web\/2016\/11\/02\/convocatoria-curs-cep-per-professorat-com-introduir-i-treballar-la-percussio-corporal-i-activitats-expressives-a-laula\/\" \/>\n<meta property=\"og:site_name\" content=\"COLEF Illes Balears\" \/>\n<meta property=\"article:publisher\" content=\"https:\/\/www.facebook.com\/colef.illesbalears\/?ref=bookmarks\" \/>\n<meta property=\"article:published_time\" content=\"2016-11-02T07:49:11+00:00\" \/>\n<meta property=\"article:modified_time\" content=\"2016-11-04T07:57:02+00:00\" \/>\n<meta property=\"og:image\" content=\"http:\/\/www.colefillesbalears.com\/web\/wp-content\/uploads\/2016\/11\/cepmanacor.png\" \/>\n<meta name=\"author\" content=\"colefill\" \/>\n<meta name=\"twitter:card\" content=\"summary_large_image\" \/>\n<meta name=\"twitter:creator\" content=\"@COLEFBalears\" \/>\n<meta name=\"twitter:site\" content=\"@COLEFBalears\" \/>\n<meta name=\"twitter:label1\" content=\"Escrito por\" \/>\n\t<meta name=\"twitter:data1\" content=\"colefill\" \/>\n\t<meta name=\"twitter:label2\" content=\"Tiempo de lectura\" \/>\n\t<meta name=\"twitter:data2\" content=\"2 minutos\" \/>\n<script type=\"application\/ld+json\" class=\"yoast-schema-graph\">{\"@context\":\"https:\/\/schema.org\",\"@graph\":[{\"@type\":\"Article\",\"@id\":\"https:\/\/www.colefillesbalears.com\/web\/2016\/11\/02\/convocatoria-curs-cep-per-professorat-com-introduir-i-treballar-la-percussio-corporal-i-activitats-expressives-a-laula\/#article\",\"isPartOf\":{\"@id\":\"https:\/\/www.colefillesbalears.com\/web\/2016\/11\/02\/convocatoria-curs-cep-per-professorat-com-introduir-i-treballar-la-percussio-corporal-i-activitats-expressives-a-laula\/\"},\"author\":{\"name\":\"colefill\",\"@id\":\"http:\/\/www.colefillesbalears.com\/web\/#\/schema\/person\/71d4d8668583da89711daa5353a833a0\"},\"headline\":\"Convocat\u00f2ria curs CEP per professorat: Com introduir i treballar la percussi\u00f3 corporal i activitats expressives a l\u2019aula\",\"datePublished\":\"2016-11-02T07:49:11+00:00\",\"dateModified\":\"2016-11-04T07:57:02+00:00\",\"mainEntityOfPage\":{\"@id\":\"https:\/\/www.colefillesbalears.com\/web\/2016\/11\/02\/convocatoria-curs-cep-per-professorat-com-introduir-i-treballar-la-percussio-corporal-i-activitats-expressives-a-laula\/\"},\"wordCount\":389,\"publisher\":{\"@id\":\"http:\/\/www.colefillesbalears.com\/web\/#organization\"},\"keywords\":[\"CEP Manacor\",\"com introduir\",\"curs\",\"curs CEP\",\"cursos professorat. cursos CEP\",\"precussi\u00f3 corporal\"],\"articleSection\":[\"Convocat\u00f2ries\"],\"inLanguage\":\"es\"},{\"@type\":\"WebPage\",\"@id\":\"https:\/\/www.colefillesbalears.com\/web\/2016\/11\/02\/convocatoria-curs-cep-per-professorat-com-introduir-i-treballar-la-percussio-corporal-i-activitats-expressives-a-laula\/\",\"url\":\"https:\/\/www.colefillesbalears.com\/web\/2016\/11\/02\/convocatoria-curs-cep-per-professorat-com-introduir-i-treballar-la-percussio-corporal-i-activitats-expressives-a-laula\/\",\"name\":\"Convocat\u00f2ria curs CEP per professorat: Com introduir i treballar la percussi\u00f3 corporal i activitats expressives a l\u2019aula - COLEF Illes Balears\",\"isPartOf\":{\"@id\":\"http:\/\/www.colefillesbalears.com\/web\/#website\"},\"datePublished\":\"2016-11-02T07:49:11+00:00\",\"dateModified\":\"2016-11-04T07:57:02+00:00\",\"breadcrumb\":{\"@id\":\"https:\/\/www.colefillesbalears.com\/web\/2016\/11\/02\/convocatoria-curs-cep-per-professorat-com-introduir-i-treballar-la-percussio-corporal-i-activitats-expressives-a-laula\/#breadcrumb\"},\"inLanguage\":\"es\",\"potentialAction\":[{\"@type\":\"ReadAction\",\"target\":[\"https:\/\/www.colefillesbalears.com\/web\/2016\/11\/02\/convocatoria-curs-cep-per-professorat-com-introduir-i-treballar-la-percussio-corporal-i-activitats-expressives-a-laula\/\"]}]},{\"@type\":\"BreadcrumbList\",\"@id\":\"https:\/\/www.colefillesbalears.com\/web\/2016\/11\/02\/convocatoria-curs-cep-per-professorat-com-introduir-i-treballar-la-percussio-corporal-i-activitats-expressives-a-laula\/#breadcrumb\",\"itemListElement\":[{\"@type\":\"ListItem\",\"position\":1,\"name\":\"Portada\",\"item\":\"http:\/\/www.colefillesbalears.com\/web\/\"},{\"@type\":\"ListItem\",\"position\":2,\"name\":\"Convocat\u00f2ria curs CEP per professorat: Com introduir i treballar la percussi\u00f3 corporal i activitats expressives a l\u2019aula\"}]},{\"@type\":\"WebSite\",\"@id\":\"http:\/\/www.colefillesbalears.com\/web\/#website\",\"url\":\"http:\/\/www.colefillesbalears.com\/web\/\",\"name\":\"COLEF Illes Balears\",\"description\":\"\",\"publisher\":{\"@id\":\"http:\/\/www.colefillesbalears.com\/web\/#organization\"},\"potentialAction\":[{\"@type\":\"SearchAction\",\"target\":{\"@type\":\"EntryPoint\",\"urlTemplate\":\"http:\/\/www.colefillesbalears.com\/web\/?s={search_term_string}\"},\"query-input\":\"required name=search_term_string\"}],\"inLanguage\":\"es\"},{\"@type\":\"Organization\",\"@id\":\"http:\/\/www.colefillesbalears.com\/web\/#organization\",\"name\":\"Col\u00b7legi Oficial de Llicenciats en Ci\u00e8ncies de l'Activitat F\u00edsica i l'Esport de les Illes Balears\",\"url\":\"http:\/\/www.colefillesbalears.com\/web\/\",\"sameAs\":[\"https:\/\/www.youtube.com\/channel\/UClDRzEzUh03bePGcdVFw1cQ\/featured\",\"https:\/\/www.facebook.com\/colef.illesbalears\/?ref=bookmarks\",\"https:\/\/twitter.com\/COLEFBalears\"],\"logo\":{\"@type\":\"ImageObject\",\"inLanguage\":\"es\",\"@id\":\"http:\/\/www.colefillesbalears.com\/web\/#\/schema\/logo\/image\/\",\"url\":\"http:\/\/www.colefillesbalears.com\/web\/wp-content\/uploads\/2019\/05\/logo-colef-5.png\",\"contentUrl\":\"http:\/\/www.colefillesbalears.com\/web\/wp-content\/uploads\/2019\/05\/logo-colef-5.png\",\"width\":414,\"height\":175,\"caption\":\"Col\u00b7legi Oficial de Llicenciats en Ci\u00e8ncies de l'Activitat F\u00edsica i l'Esport de les Illes Balears\"},\"image\":{\"@id\":\"http:\/\/www.colefillesbalears.com\/web\/#\/schema\/logo\/image\/\"}},{\"@type\":\"Person\",\"@id\":\"http:\/\/www.colefillesbalears.com\/web\/#\/schema\/person\/71d4d8668583da89711daa5353a833a0\",\"name\":\"colefill\"}]}<\/script>\n<!-- \/ Yoast SEO plugin. -->","yoast_head_json":{"title":"Convocat\u00f2ria curs CEP per professorat: Com introduir i treballar la percussi\u00f3 corporal i activitats expressives a l\u2019aula - COLEF Illes Balears","robots":{"index":"index","follow":"follow","max-snippet":"max-snippet:-1","max-image-preview":"max-image-preview:large","max-video-preview":"max-video-preview:-1"},"canonical":"https:\/\/www.colefillesbalears.com\/web\/2016\/11\/02\/convocatoria-curs-cep-per-professorat-com-introduir-i-treballar-la-percussio-corporal-i-activitats-expressives-a-laula\/","og_locale":"es_ES","og_type":"article","og_title":"Convocat\u00f2ria curs CEP per professorat: Com introduir i treballar la percussi\u00f3 corporal i activitats expressives a l\u2019aula - COLEF Illes Balears","og_description":"Igual que a l\u2019edici\u00f3 anterior, la nostra col\u00b7legiada, S\u00edlvia Garc\u00edas de Ves (col\u00b7 10.513) ser\u00e0 la responsable de realitzar el curs \u2018Com introduir i treballar la percussi\u00f3 corporal i activitats expressives a l\u2019aula\u2019, organitzat per la direcci\u00f3 insular d\u2019Esports del Consell de Mallorca amb la col\u00b7laboraci\u00f3 de la Direcci\u00f3 General de Formaci\u00f3 Professional i Formaci\u00f3 [&hellip;]","og_url":"https:\/\/www.colefillesbalears.com\/web\/2016\/11\/02\/convocatoria-curs-cep-per-professorat-com-introduir-i-treballar-la-percussio-corporal-i-activitats-expressives-a-laula\/","og_site_name":"COLEF Illes Balears","article_publisher":"https:\/\/www.facebook.com\/colef.illesbalears\/?ref=bookmarks","article_published_time":"2016-11-02T07:49:11+00:00","article_modified_time":"2016-11-04T07:57:02+00:00","og_image":[{"url":"http:\/\/www.colefillesbalears.com\/web\/wp-content\/uploads\/2016\/11\/cepmanacor.png"}],"author":"colefill","twitter_card":"summary_large_image","twitter_creator":"@COLEFBalears","twitter_site":"@COLEFBalears","twitter_misc":{"Escrito por":"colefill","Tiempo de lectura":"2 minutos"},"schema":{"@context":"https:\/\/schema.org","@graph":[{"@type":"Article","@id":"https:\/\/www.colefillesbalears.com\/web\/2016\/11\/02\/convocatoria-curs-cep-per-professorat-com-introduir-i-treballar-la-percussio-corporal-i-activitats-expressives-a-laula\/#article","isPartOf":{"@id":"https:\/\/www.colefillesbalears.com\/web\/2016\/11\/02\/convocatoria-curs-cep-per-professorat-com-introduir-i-treballar-la-percussio-corporal-i-activitats-expressives-a-laula\/"},"author":{"name":"colefill","@id":"http:\/\/www.colefillesbalears.com\/web\/#\/schema\/person\/71d4d8668583da89711daa5353a833a0"},"headline":"Convocat\u00f2ria curs CEP per professorat: Com introduir i treballar la percussi\u00f3 corporal i activitats expressives a l\u2019aula","datePublished":"2016-11-02T07:49:11+00:00","dateModified":"2016-11-04T07:57:02+00:00","mainEntityOfPage":{"@id":"https:\/\/www.colefillesbalears.com\/web\/2016\/11\/02\/convocatoria-curs-cep-per-professorat-com-introduir-i-treballar-la-percussio-corporal-i-activitats-expressives-a-laula\/"},"wordCount":389,"publisher":{"@id":"http:\/\/www.colefillesbalears.com\/web\/#organization"},"keywords":["CEP Manacor","com introduir","curs","curs CEP","cursos professorat. cursos CEP","precussi\u00f3 corporal"],"articleSection":["Convocat\u00f2ries"],"inLanguage":"es"},{"@type":"WebPage","@id":"https:\/\/www.colefillesbalears.com\/web\/2016\/11\/02\/convocatoria-curs-cep-per-professorat-com-introduir-i-treballar-la-percussio-corporal-i-activitats-expressives-a-laula\/","url":"https:\/\/www.colefillesbalears.com\/web\/2016\/11\/02\/convocatoria-curs-cep-per-professorat-com-introduir-i-treballar-la-percussio-corporal-i-activitats-expressives-a-laula\/","name":"Convocat\u00f2ria curs CEP per professorat: Com introduir i treballar la percussi\u00f3 corporal i activitats expressives a l\u2019aula - COLEF Illes Balears","isPartOf":{"@id":"http:\/\/www.colefillesbalears.com\/web\/#website"},"datePublished":"2016-11-02T07:49:11+00:00","dateModified":"2016-11-04T07:57:02+00:00","breadcrumb":{"@id":"https:\/\/www.colefillesbalears.com\/web\/2016\/11\/02\/convocatoria-curs-cep-per-professorat-com-introduir-i-treballar-la-percussio-corporal-i-activitats-expressives-a-laula\/#breadcrumb"},"inLanguage":"es","potentialAction":[{"@type":"ReadAction","target":["https:\/\/www.colefillesbalears.com\/web\/2016\/11\/02\/convocatoria-curs-cep-per-professorat-com-introduir-i-treballar-la-percussio-corporal-i-activitats-expressives-a-laula\/"]}]},{"@type":"BreadcrumbList","@id":"https:\/\/www.colefillesbalears.com\/web\/2016\/11\/02\/convocatoria-curs-cep-per-professorat-com-introduir-i-treballar-la-percussio-corporal-i-activitats-expressives-a-laula\/#breadcrumb","itemListElement":[{"@type":"ListItem","position":1,"name":"Portada","item":"http:\/\/www.colefillesbalears.com\/web\/"},{"@type":"ListItem","position":2,"name":"Convocat\u00f2ria curs CEP per professorat: Com introduir i treballar la percussi\u00f3 corporal i activitats expressives a l\u2019aula"}]},{"@type":"WebSite","@id":"http:\/\/www.colefillesbalears.com\/web\/#website","url":"http:\/\/www.colefillesbalears.com\/web\/","name":"COLEF Illes Balears","description":"","publisher":{"@id":"http:\/\/www.colefillesbalears.com\/web\/#organization"},"potentialAction":[{"@type":"SearchAction","target":{"@type":"EntryPoint","urlTemplate":"http:\/\/www.colefillesbalears.com\/web\/?s={search_term_string}"},"query-input":"required name=search_term_string"}],"inLanguage":"es"},{"@type":"Organization","@id":"http:\/\/www.colefillesbalears.com\/web\/#organization","name":"Col\u00b7legi Oficial de Llicenciats en Ci\u00e8ncies de l'Activitat F\u00edsica i l'Esport de les Illes Balears","url":"http:\/\/www.colefillesbalears.com\/web\/","sameAs":["https:\/\/www.youtube.com\/channel\/UClDRzEzUh03bePGcdVFw1cQ\/featured","https:\/\/www.facebook.com\/colef.illesbalears\/?ref=bookmarks","https:\/\/twitter.com\/COLEFBalears"],"logo":{"@type":"ImageObject","inLanguage":"es","@id":"http:\/\/www.colefillesbalears.com\/web\/#\/schema\/logo\/image\/","url":"http:\/\/www.colefillesbalears.com\/web\/wp-content\/uploads\/2019\/05\/logo-colef-5.png","contentUrl":"http:\/\/www.colefillesbalears.com\/web\/wp-content\/uploads\/2019\/05\/logo-colef-5.png","width":414,"height":175,"caption":"Col\u00b7legi Oficial de Llicenciats en Ci\u00e8ncies de l'Activitat F\u00edsica i l'Esport de les Illes Balears"},"image":{"@id":"http:\/\/www.colefillesbalears.com\/web\/#\/schema\/logo\/image\/"}},{"@type":"Person","@id":"http:\/\/www.colefillesbalears.com\/web\/#\/schema\/person\/71d4d8668583da89711daa5353a833a0","name":"colefill"}]}},"_links":{"self":[{"href":"https:\/\/www.colefillesbalears.com\/web\/wp-json\/wp\/v2\/posts\/1863"}],"collection":[{"href":"https:\/\/www.colefillesbalears.com\/web\/wp-json\/wp\/v2\/posts"}],"about":[{"href":"https:\/\/www.colefillesbalears.com\/web\/wp-json\/wp\/v2\/types\/post"}],"author":[{"embeddable":true,"href":"https:\/\/www.colefillesbalears.com\/web\/wp-json\/wp\/v2\/users\/1"}],"replies":[{"embeddable":true,"href":"https:\/\/www.colefillesbalears.com\/web\/wp-json\/wp\/v2\/comments?post=1863"}],"version-history":[{"count":6,"href":"https:\/\/www.colefillesbalears.com\/web\/wp-json\/wp\/v2\/posts\/1863\/revisions"}],"predecessor-version":[{"id":1871,"href":"https:\/\/www.colefillesbalears.com\/web\/wp-json\/wp\/v2\/posts\/1863\/revisions\/1871"}],"wp:attachment":[{"href":"https:\/\/www.colefillesbalears.com\/web\/wp-json\/wp\/v2\/media?parent=1863"}],"wp:term":[{"taxonomy":"category","embeddable":true,"href":"https:\/\/www.colefillesbalears.com\/web\/wp-json\/wp\/v2\/categories?post=1863"},{"taxonomy":"post_tag","embeddable":true,"href":"https:\/\/www.colefillesbalears.com\/web\/wp-json\/wp\/v2\/tags?post=1863"}],"curies":[{"name":"wp","href":"https:\/\/api.w.org\/{rel}","templated":true}]}}