{"id":8370,"date":"2025-09-11T09:40:26","date_gmt":"2025-09-11T09:40:26","guid":{"rendered":"http:\/\/www.colefillesbalears.com\/web\/?p=8370"},"modified":"2025-09-11T09:40:27","modified_gmt":"2025-09-11T09:40:27","slug":"reunio-dg-esports-i-inici-3a-edicio-curs-bles","status":"publish","type":"post","link":"http:\/\/www.colefillesbalears.com\/web\/2025\/09\/11\/reunio-dg-esports-i-inici-3a-edicio-curs-bles\/","title":{"rendered":"Reuni\u00f3 DG Esports i inici 3a edici\u00f3 curs B@LES"},"content":{"rendered":"<div class=\"wp-block-image\">\n<figure class=\"aligncenter size-full\"><a href=\"http:\/\/www.colefillesbalears.com\/web\/wp-content\/uploads\/2025\/09\/reunio-DGEsports.png\"><img decoding=\"async\" loading=\"lazy\" width=\"521\" height=\"567\" src=\"http:\/\/www.colefillesbalears.com\/web\/wp-content\/uploads\/2025\/09\/reunio-DGEsports.png\" alt=\"\" class=\"wp-image-8371\" srcset=\"http:\/\/www.colefillesbalears.com\/web\/wp-content\/uploads\/2025\/09\/reunio-DGEsports.png 521w, http:\/\/www.colefillesbalears.com\/web\/wp-content\/uploads\/2025\/09\/reunio-DGEsports-768x835.png 768w\" sizes=\"(max-width: 521px) 100vw, 521px\" \/><\/a><\/figure><\/div>\n\n\n<h2 class=\"wp-block-heading\">El dilluns 8 de setembre es va dur a terme una reuni\u00f3 amb el Director General d\u2019Esports per continuar impulsant el programa B@les. Aquest programa \u00e9s clau per a la salut de la ciutadania de les Illes Balears\u00a0i ens satisf\u00e0 comprovar que cada vegada m\u00e9s ajuntaments s\u2019hi adhereixen.<\/h2>\n\n\n\n<h2 class=\"wp-block-heading\">A m\u00e9s, avui donam el tret de sortida a la 3a edici\u00f3 del curs B@les per a col\u00b7legiats i col\u00b7legiades d\u2019educaci\u00f3 f\u00edsica esportiva\u00a0<\/h2>\n","protected":false},"excerpt":{"rendered":"<p>El dilluns 8 de setembre es va dur a terme una reuni\u00f3 amb el Director General d\u2019Esports per continuar impulsant el programa B@les. Aquest programa \u00e9s clau per a la salut de la ciutadania de les Illes Balears\u00a0i ens satisf\u00e0 comprovar que cada vegada m\u00e9s ajuntaments s\u2019hi adhereixen. A m\u00e9s, avui donam el tret de [&hellip;]<\/p>\n","protected":false},"author":4,"featured_media":0,"comment_status":"closed","ping_status":"closed","sticky":false,"template":"","format":"standard","meta":[],"categories":[498],"tags":[],"yoast_head":"<!-- This site is optimized with the Yoast SEO plugin v19.6.1 - https:\/\/yoast.com\/wordpress\/plugins\/seo\/ -->\n<title>Reuni\u00f3 DG Esports i inici 3a edici\u00f3 curs B@LES - COLEF Illes Balears<\/title>\n<meta name=\"robots\" content=\"index, follow, max-snippet:-1, max-image-preview:large, max-video-preview:-1\" \/>\n<link rel=\"canonical\" href=\"http:\/\/www.colefillesbalears.com\/web\/2025\/09\/11\/reunio-dg-esports-i-inici-3a-edicio-curs-bles\/\" \/>\n<meta property=\"og:locale\" content=\"es_ES\" \/>\n<meta property=\"og:type\" content=\"article\" \/>\n<meta property=\"og:title\" content=\"Reuni\u00f3 DG Esports i inici 3a edici\u00f3 curs B@LES - COLEF Illes Balears\" \/>\n<meta property=\"og:description\" content=\"El dilluns 8 de setembre es va dur a terme una reuni\u00f3 amb el Director General d\u2019Esports per continuar impulsant el programa B@les. Aquest programa \u00e9s clau per a la salut de la ciutadania de les Illes Balears\u00a0i ens satisf\u00e0 comprovar que cada vegada m\u00e9s ajuntaments s\u2019hi adhereixen. A m\u00e9s, avui donam el tret de [&hellip;]\" \/>\n<meta property=\"og:url\" content=\"http:\/\/www.colefillesbalears.com\/web\/2025\/09\/11\/reunio-dg-esports-i-inici-3a-edicio-curs-bles\/\" \/>\n<meta property=\"og:site_name\" content=\"COLEF Illes Balears\" \/>\n<meta property=\"article:publisher\" content=\"https:\/\/www.facebook.com\/colef.illesbalears\/?ref=bookmarks\" \/>\n<meta property=\"article:author\" content=\"https:\/\/www.facebook.com\/colef.illesbalears\/\" \/>\n<meta property=\"article:published_time\" content=\"2025-09-11T09:40:26+00:00\" \/>\n<meta property=\"article:modified_time\" content=\"2025-09-11T09:40:27+00:00\" \/>\n<meta property=\"og:image\" content=\"http:\/\/www.colefillesbalears.com\/web\/wp-content\/uploads\/2025\/09\/reunio-DGEsports.png\" \/>\n<meta name=\"author\" content=\"RAUL\" \/>\n<meta name=\"twitter:card\" content=\"summary_large_image\" \/>\n<meta name=\"twitter:creator\" content=\"@COLEFBalears\" \/>\n<meta name=\"twitter:site\" content=\"@COLEFBalears\" \/>\n<meta name=\"twitter:label1\" content=\"Escrito por\" \/>\n\t<meta name=\"twitter:data1\" content=\"RAUL\" \/>\n<script type=\"application\/ld+json\" class=\"yoast-schema-graph\">{\"@context\":\"https:\/\/schema.org\",\"@graph\":[{\"@type\":\"Article\",\"@id\":\"http:\/\/www.colefillesbalears.com\/web\/2025\/09\/11\/reunio-dg-esports-i-inici-3a-edicio-curs-bles\/#article\",\"isPartOf\":{\"@id\":\"http:\/\/www.colefillesbalears.com\/web\/2025\/09\/11\/reunio-dg-esports-i-inici-3a-edicio-curs-bles\/\"},\"author\":{\"name\":\"RAUL\",\"@id\":\"http:\/\/www.colefillesbalears.com\/web\/#\/schema\/person\/67bfa54d8a7a8533be8dac16e810fde7\"},\"headline\":\"Reuni\u00f3 DG Esports i inici 3a edici\u00f3 curs B@LES\",\"datePublished\":\"2025-09-11T09:40:26+00:00\",\"dateModified\":\"2025-09-11T09:40:27+00:00\",\"mainEntityOfPage\":{\"@id\":\"http:\/\/www.colefillesbalears.com\/web\/2025\/09\/11\/reunio-dg-esports-i-inici-3a-edicio-curs-bles\/\"},\"wordCount\":91,\"publisher\":{\"@id\":\"http:\/\/www.colefillesbalears.com\/web\/#organization\"},\"articleSection\":[\"Actualitat\"],\"inLanguage\":\"es\"},{\"@type\":\"WebPage\",\"@id\":\"http:\/\/www.colefillesbalears.com\/web\/2025\/09\/11\/reunio-dg-esports-i-inici-3a-edicio-curs-bles\/\",\"url\":\"http:\/\/www.colefillesbalears.com\/web\/2025\/09\/11\/reunio-dg-esports-i-inici-3a-edicio-curs-bles\/\",\"name\":\"Reuni\u00f3 DG Esports i inici 3a edici\u00f3 curs B@LES - COLEF Illes Balears\",\"isPartOf\":{\"@id\":\"http:\/\/www.colefillesbalears.com\/web\/#website\"},\"datePublished\":\"2025-09-11T09:40:26+00:00\",\"dateModified\":\"2025-09-11T09:40:27+00:00\",\"breadcrumb\":{\"@id\":\"http:\/\/www.colefillesbalears.com\/web\/2025\/09\/11\/reunio-dg-esports-i-inici-3a-edicio-curs-bles\/#breadcrumb\"},\"inLanguage\":\"es\",\"potentialAction\":[{\"@type\":\"ReadAction\",\"target\":[\"http:\/\/www.colefillesbalears.com\/web\/2025\/09\/11\/reunio-dg-esports-i-inici-3a-edicio-curs-bles\/\"]}]},{\"@type\":\"BreadcrumbList\",\"@id\":\"http:\/\/www.colefillesbalears.com\/web\/2025\/09\/11\/reunio-dg-esports-i-inici-3a-edicio-curs-bles\/#breadcrumb\",\"itemListElement\":[{\"@type\":\"ListItem\",\"position\":1,\"name\":\"Portada\",\"item\":\"http:\/\/www.colefillesbalears.com\/web\/\"},{\"@type\":\"ListItem\",\"position\":2,\"name\":\"Reuni\u00f3 DG Esports i inici 3a edici\u00f3 curs B@LES\"}]},{\"@type\":\"WebSite\",\"@id\":\"http:\/\/www.colefillesbalears.com\/web\/#website\",\"url\":\"http:\/\/www.colefillesbalears.com\/web\/\",\"name\":\"COLEF Illes Balears\",\"description\":\"\",\"publisher\":{\"@id\":\"http:\/\/www.colefillesbalears.com\/web\/#organization\"},\"potentialAction\":[{\"@type\":\"SearchAction\",\"target\":{\"@type\":\"EntryPoint\",\"urlTemplate\":\"http:\/\/www.colefillesbalears.com\/web\/?s={search_term_string}\"},\"query-input\":\"required name=search_term_string\"}],\"inLanguage\":\"es\"},{\"@type\":\"Organization\",\"@id\":\"http:\/\/www.colefillesbalears.com\/web\/#organization\",\"name\":\"Col\u00b7legi Oficial de Llicenciats en Ci\u00e8ncies de l'Activitat F\u00edsica i l'Esport de les Illes Balears\",\"url\":\"http:\/\/www.colefillesbalears.com\/web\/\",\"sameAs\":[\"https:\/\/www.youtube.com\/channel\/UClDRzEzUh03bePGcdVFw1cQ\/featured\",\"https:\/\/www.facebook.com\/colef.illesbalears\/?ref=bookmarks\",\"https:\/\/twitter.com\/COLEFBalears\"],\"logo\":{\"@type\":\"ImageObject\",\"inLanguage\":\"es\",\"@id\":\"http:\/\/www.colefillesbalears.com\/web\/#\/schema\/logo\/image\/\",\"url\":\"http:\/\/www.colefillesbalears.com\/web\/wp-content\/uploads\/2019\/05\/logo-colef-5.png\",\"contentUrl\":\"http:\/\/www.colefillesbalears.com\/web\/wp-content\/uploads\/2019\/05\/logo-colef-5.png\",\"width\":414,\"height\":175,\"caption\":\"Col\u00b7legi Oficial de Llicenciats en Ci\u00e8ncies de l'Activitat F\u00edsica i l'Esport de les Illes Balears\"},\"image\":{\"@id\":\"http:\/\/www.colefillesbalears.com\/web\/#\/schema\/logo\/image\/\"}},{\"@type\":\"Person\",\"@id\":\"http:\/\/www.colefillesbalears.com\/web\/#\/schema\/person\/67bfa54d8a7a8533be8dac16e810fde7\",\"name\":\"RAUL\",\"sameAs\":[\"https:\/\/www.facebook.com\/colef.illesbalears\/\",\"https:\/\/twitter.com\/COLEFBalears\"]}]}<\/script>\n<!-- \/ Yoast SEO plugin. -->","yoast_head_json":{"title":"Reuni\u00f3 DG Esports i inici 3a edici\u00f3 curs B@LES - COLEF Illes Balears","robots":{"index":"index","follow":"follow","max-snippet":"max-snippet:-1","max-image-preview":"max-image-preview:large","max-video-preview":"max-video-preview:-1"},"canonical":"http:\/\/www.colefillesbalears.com\/web\/2025\/09\/11\/reunio-dg-esports-i-inici-3a-edicio-curs-bles\/","og_locale":"es_ES","og_type":"article","og_title":"Reuni\u00f3 DG Esports i inici 3a edici\u00f3 curs B@LES - COLEF Illes Balears","og_description":"El dilluns 8 de setembre es va dur a terme una reuni\u00f3 amb el Director General d\u2019Esports per continuar impulsant el programa B@les. Aquest programa \u00e9s clau per a la salut de la ciutadania de les Illes Balears\u00a0i ens satisf\u00e0 comprovar que cada vegada m\u00e9s ajuntaments s\u2019hi adhereixen. A m\u00e9s, avui donam el tret de [&hellip;]","og_url":"http:\/\/www.colefillesbalears.com\/web\/2025\/09\/11\/reunio-dg-esports-i-inici-3a-edicio-curs-bles\/","og_site_name":"COLEF Illes Balears","article_publisher":"https:\/\/www.facebook.com\/colef.illesbalears\/?ref=bookmarks","article_author":"https:\/\/www.facebook.com\/colef.illesbalears\/","article_published_time":"2025-09-11T09:40:26+00:00","article_modified_time":"2025-09-11T09:40:27+00:00","og_image":[{"url":"http:\/\/www.colefillesbalears.com\/web\/wp-content\/uploads\/2025\/09\/reunio-DGEsports.png"}],"author":"RAUL","twitter_card":"summary_large_image","twitter_creator":"@COLEFBalears","twitter_site":"@COLEFBalears","twitter_misc":{"Escrito por":"RAUL"},"schema":{"@context":"https:\/\/schema.org","@graph":[{"@type":"Article","@id":"http:\/\/www.colefillesbalears.com\/web\/2025\/09\/11\/reunio-dg-esports-i-inici-3a-edicio-curs-bles\/#article","isPartOf":{"@id":"http:\/\/www.colefillesbalears.com\/web\/2025\/09\/11\/reunio-dg-esports-i-inici-3a-edicio-curs-bles\/"},"author":{"name":"RAUL","@id":"http:\/\/www.colefillesbalears.com\/web\/#\/schema\/person\/67bfa54d8a7a8533be8dac16e810fde7"},"headline":"Reuni\u00f3 DG Esports i inici 3a edici\u00f3 curs B@LES","datePublished":"2025-09-11T09:40:26+00:00","dateModified":"2025-09-11T09:40:27+00:00","mainEntityOfPage":{"@id":"http:\/\/www.colefillesbalears.com\/web\/2025\/09\/11\/reunio-dg-esports-i-inici-3a-edicio-curs-bles\/"},"wordCount":91,"publisher":{"@id":"http:\/\/www.colefillesbalears.com\/web\/#organization"},"articleSection":["Actualitat"],"inLanguage":"es"},{"@type":"WebPage","@id":"http:\/\/www.colefillesbalears.com\/web\/2025\/09\/11\/reunio-dg-esports-i-inici-3a-edicio-curs-bles\/","url":"http:\/\/www.colefillesbalears.com\/web\/2025\/09\/11\/reunio-dg-esports-i-inici-3a-edicio-curs-bles\/","name":"Reuni\u00f3 DG Esports i inici 3a edici\u00f3 curs B@LES - COLEF Illes Balears","isPartOf":{"@id":"http:\/\/www.colefillesbalears.com\/web\/#website"},"datePublished":"2025-09-11T09:40:26+00:00","dateModified":"2025-09-11T09:40:27+00:00","breadcrumb":{"@id":"http:\/\/www.colefillesbalears.com\/web\/2025\/09\/11\/reunio-dg-esports-i-inici-3a-edicio-curs-bles\/#breadcrumb"},"inLanguage":"es","potentialAction":[{"@type":"ReadAction","target":["http:\/\/www.colefillesbalears.com\/web\/2025\/09\/11\/reunio-dg-esports-i-inici-3a-edicio-curs-bles\/"]}]},{"@type":"BreadcrumbList","@id":"http:\/\/www.colefillesbalears.com\/web\/2025\/09\/11\/reunio-dg-esports-i-inici-3a-edicio-curs-bles\/#breadcrumb","itemListElement":[{"@type":"ListItem","position":1,"name":"Portada","item":"http:\/\/www.colefillesbalears.com\/web\/"},{"@type":"ListItem","position":2,"name":"Reuni\u00f3 DG Esports i inici 3a edici\u00f3 curs B@LES"}]},{"@type":"WebSite","@id":"http:\/\/www.colefillesbalears.com\/web\/#website","url":"http:\/\/www.colefillesbalears.com\/web\/","name":"COLEF Illes Balears","description":"","publisher":{"@id":"http:\/\/www.colefillesbalears.com\/web\/#organization"},"potentialAction":[{"@type":"SearchAction","target":{"@type":"EntryPoint","urlTemplate":"http:\/\/www.colefillesbalears.com\/web\/?s={search_term_string}"},"query-input":"required name=search_term_string"}],"inLanguage":"es"},{"@type":"Organization","@id":"http:\/\/www.colefillesbalears.com\/web\/#organization","name":"Col\u00b7legi Oficial de Llicenciats en Ci\u00e8ncies de l'Activitat F\u00edsica i l'Esport de les Illes Balears","url":"http:\/\/www.colefillesbalears.com\/web\/","sameAs":["https:\/\/www.youtube.com\/channel\/UClDRzEzUh03bePGcdVFw1cQ\/featured","https:\/\/www.facebook.com\/colef.illesbalears\/?ref=bookmarks","https:\/\/twitter.com\/COLEFBalears"],"logo":{"@type":"ImageObject","inLanguage":"es","@id":"http:\/\/www.colefillesbalears.com\/web\/#\/schema\/logo\/image\/","url":"http:\/\/www.colefillesbalears.com\/web\/wp-content\/uploads\/2019\/05\/logo-colef-5.png","contentUrl":"http:\/\/www.colefillesbalears.com\/web\/wp-content\/uploads\/2019\/05\/logo-colef-5.png","width":414,"height":175,"caption":"Col\u00b7legi Oficial de Llicenciats en Ci\u00e8ncies de l'Activitat F\u00edsica i l'Esport de les Illes Balears"},"image":{"@id":"http:\/\/www.colefillesbalears.com\/web\/#\/schema\/logo\/image\/"}},{"@type":"Person","@id":"http:\/\/www.colefillesbalears.com\/web\/#\/schema\/person\/67bfa54d8a7a8533be8dac16e810fde7","name":"RAUL","sameAs":["https:\/\/www.facebook.com\/colef.illesbalears\/","https:\/\/twitter.com\/COLEFBalears"]}]}},"_links":{"self":[{"href":"http:\/\/www.colefillesbalears.com\/web\/wp-json\/wp\/v2\/posts\/8370"}],"collection":[{"href":"http:\/\/www.colefillesbalears.com\/web\/wp-json\/wp\/v2\/posts"}],"about":[{"href":"http:\/\/www.colefillesbalears.com\/web\/wp-json\/wp\/v2\/types\/post"}],"author":[{"embeddable":true,"href":"http:\/\/www.colefillesbalears.com\/web\/wp-json\/wp\/v2\/users\/4"}],"replies":[{"embeddable":true,"href":"http:\/\/www.colefillesbalears.com\/web\/wp-json\/wp\/v2\/comments?post=8370"}],"version-history":[{"count":1,"href":"http:\/\/www.colefillesbalears.com\/web\/wp-json\/wp\/v2\/posts\/8370\/revisions"}],"predecessor-version":[{"id":8372,"href":"http:\/\/www.colefillesbalears.com\/web\/wp-json\/wp\/v2\/posts\/8370\/revisions\/8372"}],"wp:attachment":[{"href":"http:\/\/www.colefillesbalears.com\/web\/wp-json\/wp\/v2\/media?parent=8370"}],"wp:term":[{"taxonomy":"category","embeddable":true,"href":"http:\/\/www.colefillesbalears.com\/web\/wp-json\/wp\/v2\/categories?post=8370"},{"taxonomy":"post_tag","embeddable":true,"href":"http:\/\/www.colefillesbalears.com\/web\/wp-json\/wp\/v2\/tags?post=8370"}],"curies":[{"name":"wp","href":"https:\/\/api.w.org\/{rel}","templated":true}]}}