{"id":6519,"date":"2022-02-25T14:05:02","date_gmt":"2022-02-25T14:05:02","guid":{"rendered":"http:\/\/www.colefillesbalears.com\/web\/?p=6519"},"modified":"2022-02-25T14:05:05","modified_gmt":"2022-02-25T14:05:05","slug":"presentacio-del-defc-2022-amb-el-conseller-deducacio-i-formacio-professional-el-sr-marti-march","status":"publish","type":"post","link":"http:\/\/www.colefillesbalears.com\/web\/2022\/02\/25\/presentacio-del-defc-2022-amb-el-conseller-deducacio-i-formacio-professional-el-sr-marti-march\/","title":{"rendered":"Presentaci\u00f3 del DEFC 2022 amb el conseller d&#8217;Educaci\u00f3 i Formaci\u00f3 Professional, el Sr. Mart\u00ed March"},"content":{"rendered":"\n<figure class=\"wp-block-image size-full\"><img decoding=\"async\" loading=\"lazy\" width=\"1368\" height=\"696\" src=\"http:\/\/www.colefillesbalears.com\/web\/wp-content\/uploads\/2022\/02\/webok_re.jpg\" alt=\"\" class=\"wp-image-6521\" srcset=\"http:\/\/www.colefillesbalears.com\/web\/wp-content\/uploads\/2022\/02\/webok_re.jpg 1368w, http:\/\/www.colefillesbalears.com\/web\/wp-content\/uploads\/2022\/02\/webok_re-768x390.jpg 768w\" sizes=\"(max-width: 1368px) 100vw, 1368px\" \/><\/figure>\n\n\n\n<h3 class=\"wp-block-heading\">El divendres 18 de febrer, es va presentar el Dia de l&#8217;Educaci\u00f3 F\u00edsica al Carrer 2022 (DEFC2022), per part de la nostra presidenta i la nostra gerent.<\/h3>\n\n\n\n<h3 class=\"wp-block-heading\">Aix\u00ed es va presentar al conseller Mart\u00ed March, les novetats d&#8217;aquesta edici\u00f3 que es celebar\u00e0 el proper 27 d&#8217;abril amb el lema \u00abEducaci\u00f3 F\u00edsica Sostenint la Salut al Planeta\u00bb, i que s&#8217;espera una gran participaci\u00f3 de l&#8217;alumnat dels centres educatius de totes les illes.<\/h3>\n\n\n\n<h3 class=\"wp-block-heading\">Finalment, s&#8217;ha aprofitar per informar de les darreres l\u00ednies estrat\u00e8giques relacionades amb l&#8217;educaci\u00f3 i la defensa de la professi\u00f3.<\/h3>\n","protected":false},"excerpt":{"rendered":"<p>El divendres 18 de febrer, es va presentar el Dia de l&#8217;Educaci\u00f3 F\u00edsica al Carrer 2022 (DEFC2022), per part de la nostra presidenta i la nostra gerent. Aix\u00ed es va presentar al conseller Mart\u00ed March, les novetats d&#8217;aquesta edici\u00f3 que es celebar\u00e0 el proper 27 d&#8217;abril amb el lema \u00abEducaci\u00f3 F\u00edsica Sostenint la Salut al [&hellip;]<\/p>\n","protected":false},"author":4,"featured_media":0,"comment_status":"closed","ping_status":"closed","sticky":false,"template":"","format":"standard","meta":[],"categories":[498,1],"tags":[],"yoast_head":"<!-- This site is optimized with the Yoast SEO plugin v19.6.1 - https:\/\/yoast.com\/wordpress\/plugins\/seo\/ -->\n<title>Presentaci\u00f3 del DEFC 2022 amb el conseller d&#039;Educaci\u00f3 i Formaci\u00f3 Professional, el Sr. Mart\u00ed March - COLEF Illes Balears<\/title>\n<meta name=\"robots\" content=\"index, follow, max-snippet:-1, max-image-preview:large, max-video-preview:-1\" \/>\n<link rel=\"canonical\" href=\"http:\/\/www.colefillesbalears.com\/web\/2022\/02\/25\/presentacio-del-defc-2022-amb-el-conseller-deducacio-i-formacio-professional-el-sr-marti-march\/\" \/>\n<meta property=\"og:locale\" content=\"es_ES\" \/>\n<meta property=\"og:type\" content=\"article\" \/>\n<meta property=\"og:title\" content=\"Presentaci\u00f3 del DEFC 2022 amb el conseller d&#039;Educaci\u00f3 i Formaci\u00f3 Professional, el Sr. Mart\u00ed March - COLEF Illes Balears\" \/>\n<meta property=\"og:description\" content=\"El divendres 18 de febrer, es va presentar el Dia de l&#8217;Educaci\u00f3 F\u00edsica al Carrer 2022 (DEFC2022), per part de la nostra presidenta i la nostra gerent. Aix\u00ed es va presentar al conseller Mart\u00ed March, les novetats d&#8217;aquesta edici\u00f3 que es celebar\u00e0 el proper 27 d&#8217;abril amb el lema \u00abEducaci\u00f3 F\u00edsica Sostenint la Salut al [&hellip;]\" \/>\n<meta property=\"og:url\" content=\"http:\/\/www.colefillesbalears.com\/web\/2022\/02\/25\/presentacio-del-defc-2022-amb-el-conseller-deducacio-i-formacio-professional-el-sr-marti-march\/\" \/>\n<meta property=\"og:site_name\" content=\"COLEF Illes Balears\" \/>\n<meta property=\"article:publisher\" content=\"https:\/\/www.facebook.com\/colef.illesbalears\/?ref=bookmarks\" \/>\n<meta property=\"article:author\" content=\"https:\/\/www.facebook.com\/colef.illesbalears\/\" \/>\n<meta property=\"article:published_time\" content=\"2022-02-25T14:05:02+00:00\" \/>\n<meta property=\"article:modified_time\" content=\"2022-02-25T14:05:05+00:00\" \/>\n<meta property=\"og:image\" content=\"http:\/\/www.colefillesbalears.com\/web\/wp-content\/uploads\/2022\/02\/webok_re.jpg\" \/>\n<meta name=\"author\" content=\"RAUL\" \/>\n<meta name=\"twitter:card\" content=\"summary_large_image\" \/>\n<meta name=\"twitter:creator\" content=\"@COLEFBalears\" \/>\n<meta name=\"twitter:site\" content=\"@COLEFBalears\" \/>\n<meta name=\"twitter:label1\" content=\"Escrito por\" \/>\n\t<meta name=\"twitter:data1\" content=\"RAUL\" \/>\n<script type=\"application\/ld+json\" class=\"yoast-schema-graph\">{\"@context\":\"https:\/\/schema.org\",\"@graph\":[{\"@type\":\"Article\",\"@id\":\"http:\/\/www.colefillesbalears.com\/web\/2022\/02\/25\/presentacio-del-defc-2022-amb-el-conseller-deducacio-i-formacio-professional-el-sr-marti-march\/#article\",\"isPartOf\":{\"@id\":\"http:\/\/www.colefillesbalears.com\/web\/2022\/02\/25\/presentacio-del-defc-2022-amb-el-conseller-deducacio-i-formacio-professional-el-sr-marti-march\/\"},\"author\":{\"name\":\"RAUL\",\"@id\":\"http:\/\/www.colefillesbalears.com\/web\/#\/schema\/person\/67bfa54d8a7a8533be8dac16e810fde7\"},\"headline\":\"Presentaci\u00f3 del DEFC 2022 amb el conseller d&#8217;Educaci\u00f3 i Formaci\u00f3 Professional, el Sr. Mart\u00ed March\",\"datePublished\":\"2022-02-25T14:05:02+00:00\",\"dateModified\":\"2022-02-25T14:05:05+00:00\",\"mainEntityOfPage\":{\"@id\":\"http:\/\/www.colefillesbalears.com\/web\/2022\/02\/25\/presentacio-del-defc-2022-amb-el-conseller-deducacio-i-formacio-professional-el-sr-marti-march\/\"},\"wordCount\":105,\"publisher\":{\"@id\":\"http:\/\/www.colefillesbalears.com\/web\/#organization\"},\"articleSection\":[\"Actualitat\"],\"inLanguage\":\"es\"},{\"@type\":\"WebPage\",\"@id\":\"http:\/\/www.colefillesbalears.com\/web\/2022\/02\/25\/presentacio-del-defc-2022-amb-el-conseller-deducacio-i-formacio-professional-el-sr-marti-march\/\",\"url\":\"http:\/\/www.colefillesbalears.com\/web\/2022\/02\/25\/presentacio-del-defc-2022-amb-el-conseller-deducacio-i-formacio-professional-el-sr-marti-march\/\",\"name\":\"Presentaci\u00f3 del DEFC 2022 amb el conseller d'Educaci\u00f3 i Formaci\u00f3 Professional, el Sr. Mart\u00ed March - COLEF Illes Balears\",\"isPartOf\":{\"@id\":\"http:\/\/www.colefillesbalears.com\/web\/#website\"},\"datePublished\":\"2022-02-25T14:05:02+00:00\",\"dateModified\":\"2022-02-25T14:05:05+00:00\",\"breadcrumb\":{\"@id\":\"http:\/\/www.colefillesbalears.com\/web\/2022\/02\/25\/presentacio-del-defc-2022-amb-el-conseller-deducacio-i-formacio-professional-el-sr-marti-march\/#breadcrumb\"},\"inLanguage\":\"es\",\"potentialAction\":[{\"@type\":\"ReadAction\",\"target\":[\"http:\/\/www.colefillesbalears.com\/web\/2022\/02\/25\/presentacio-del-defc-2022-amb-el-conseller-deducacio-i-formacio-professional-el-sr-marti-march\/\"]}]},{\"@type\":\"BreadcrumbList\",\"@id\":\"http:\/\/www.colefillesbalears.com\/web\/2022\/02\/25\/presentacio-del-defc-2022-amb-el-conseller-deducacio-i-formacio-professional-el-sr-marti-march\/#breadcrumb\",\"itemListElement\":[{\"@type\":\"ListItem\",\"position\":1,\"name\":\"Portada\",\"item\":\"http:\/\/www.colefillesbalears.com\/web\/\"},{\"@type\":\"ListItem\",\"position\":2,\"name\":\"Presentaci\u00f3 del DEFC 2022 amb el conseller d&#8217;Educaci\u00f3 i Formaci\u00f3 Professional, el Sr. Mart\u00ed March\"}]},{\"@type\":\"WebSite\",\"@id\":\"http:\/\/www.colefillesbalears.com\/web\/#website\",\"url\":\"http:\/\/www.colefillesbalears.com\/web\/\",\"name\":\"COLEF Illes Balears\",\"description\":\"\",\"publisher\":{\"@id\":\"http:\/\/www.colefillesbalears.com\/web\/#organization\"},\"potentialAction\":[{\"@type\":\"SearchAction\",\"target\":{\"@type\":\"EntryPoint\",\"urlTemplate\":\"http:\/\/www.colefillesbalears.com\/web\/?s={search_term_string}\"},\"query-input\":\"required name=search_term_string\"}],\"inLanguage\":\"es\"},{\"@type\":\"Organization\",\"@id\":\"http:\/\/www.colefillesbalears.com\/web\/#organization\",\"name\":\"Col\u00b7legi Oficial de Llicenciats en Ci\u00e8ncies de l'Activitat F\u00edsica i l'Esport de les Illes Balears\",\"url\":\"http:\/\/www.colefillesbalears.com\/web\/\",\"sameAs\":[\"https:\/\/www.youtube.com\/channel\/UClDRzEzUh03bePGcdVFw1cQ\/featured\",\"https:\/\/www.facebook.com\/colef.illesbalears\/?ref=bookmarks\",\"https:\/\/twitter.com\/COLEFBalears\"],\"logo\":{\"@type\":\"ImageObject\",\"inLanguage\":\"es\",\"@id\":\"http:\/\/www.colefillesbalears.com\/web\/#\/schema\/logo\/image\/\",\"url\":\"http:\/\/www.colefillesbalears.com\/web\/wp-content\/uploads\/2019\/05\/logo-colef-5.png\",\"contentUrl\":\"http:\/\/www.colefillesbalears.com\/web\/wp-content\/uploads\/2019\/05\/logo-colef-5.png\",\"width\":414,\"height\":175,\"caption\":\"Col\u00b7legi Oficial de Llicenciats en Ci\u00e8ncies de l'Activitat F\u00edsica i l'Esport de les Illes Balears\"},\"image\":{\"@id\":\"http:\/\/www.colefillesbalears.com\/web\/#\/schema\/logo\/image\/\"}},{\"@type\":\"Person\",\"@id\":\"http:\/\/www.colefillesbalears.com\/web\/#\/schema\/person\/67bfa54d8a7a8533be8dac16e810fde7\",\"name\":\"RAUL\",\"sameAs\":[\"https:\/\/www.facebook.com\/colef.illesbalears\/\",\"https:\/\/twitter.com\/COLEFBalears\"]}]}<\/script>\n<!-- \/ Yoast SEO plugin. -->","yoast_head_json":{"title":"Presentaci\u00f3 del DEFC 2022 amb el conseller d'Educaci\u00f3 i Formaci\u00f3 Professional, el Sr. Mart\u00ed March - COLEF Illes Balears","robots":{"index":"index","follow":"follow","max-snippet":"max-snippet:-1","max-image-preview":"max-image-preview:large","max-video-preview":"max-video-preview:-1"},"canonical":"http:\/\/www.colefillesbalears.com\/web\/2022\/02\/25\/presentacio-del-defc-2022-amb-el-conseller-deducacio-i-formacio-professional-el-sr-marti-march\/","og_locale":"es_ES","og_type":"article","og_title":"Presentaci\u00f3 del DEFC 2022 amb el conseller d'Educaci\u00f3 i Formaci\u00f3 Professional, el Sr. Mart\u00ed March - COLEF Illes Balears","og_description":"El divendres 18 de febrer, es va presentar el Dia de l&#8217;Educaci\u00f3 F\u00edsica al Carrer 2022 (DEFC2022), per part de la nostra presidenta i la nostra gerent. Aix\u00ed es va presentar al conseller Mart\u00ed March, les novetats d&#8217;aquesta edici\u00f3 que es celebar\u00e0 el proper 27 d&#8217;abril amb el lema \u00abEducaci\u00f3 F\u00edsica Sostenint la Salut al [&hellip;]","og_url":"http:\/\/www.colefillesbalears.com\/web\/2022\/02\/25\/presentacio-del-defc-2022-amb-el-conseller-deducacio-i-formacio-professional-el-sr-marti-march\/","og_site_name":"COLEF Illes Balears","article_publisher":"https:\/\/www.facebook.com\/colef.illesbalears\/?ref=bookmarks","article_author":"https:\/\/www.facebook.com\/colef.illesbalears\/","article_published_time":"2022-02-25T14:05:02+00:00","article_modified_time":"2022-02-25T14:05:05+00:00","og_image":[{"url":"http:\/\/www.colefillesbalears.com\/web\/wp-content\/uploads\/2022\/02\/webok_re.jpg"}],"author":"RAUL","twitter_card":"summary_large_image","twitter_creator":"@COLEFBalears","twitter_site":"@COLEFBalears","twitter_misc":{"Escrito por":"RAUL"},"schema":{"@context":"https:\/\/schema.org","@graph":[{"@type":"Article","@id":"http:\/\/www.colefillesbalears.com\/web\/2022\/02\/25\/presentacio-del-defc-2022-amb-el-conseller-deducacio-i-formacio-professional-el-sr-marti-march\/#article","isPartOf":{"@id":"http:\/\/www.colefillesbalears.com\/web\/2022\/02\/25\/presentacio-del-defc-2022-amb-el-conseller-deducacio-i-formacio-professional-el-sr-marti-march\/"},"author":{"name":"RAUL","@id":"http:\/\/www.colefillesbalears.com\/web\/#\/schema\/person\/67bfa54d8a7a8533be8dac16e810fde7"},"headline":"Presentaci\u00f3 del DEFC 2022 amb el conseller d&#8217;Educaci\u00f3 i Formaci\u00f3 Professional, el Sr. Mart\u00ed March","datePublished":"2022-02-25T14:05:02+00:00","dateModified":"2022-02-25T14:05:05+00:00","mainEntityOfPage":{"@id":"http:\/\/www.colefillesbalears.com\/web\/2022\/02\/25\/presentacio-del-defc-2022-amb-el-conseller-deducacio-i-formacio-professional-el-sr-marti-march\/"},"wordCount":105,"publisher":{"@id":"http:\/\/www.colefillesbalears.com\/web\/#organization"},"articleSection":["Actualitat"],"inLanguage":"es"},{"@type":"WebPage","@id":"http:\/\/www.colefillesbalears.com\/web\/2022\/02\/25\/presentacio-del-defc-2022-amb-el-conseller-deducacio-i-formacio-professional-el-sr-marti-march\/","url":"http:\/\/www.colefillesbalears.com\/web\/2022\/02\/25\/presentacio-del-defc-2022-amb-el-conseller-deducacio-i-formacio-professional-el-sr-marti-march\/","name":"Presentaci\u00f3 del DEFC 2022 amb el conseller d'Educaci\u00f3 i Formaci\u00f3 Professional, el Sr. Mart\u00ed March - COLEF Illes Balears","isPartOf":{"@id":"http:\/\/www.colefillesbalears.com\/web\/#website"},"datePublished":"2022-02-25T14:05:02+00:00","dateModified":"2022-02-25T14:05:05+00:00","breadcrumb":{"@id":"http:\/\/www.colefillesbalears.com\/web\/2022\/02\/25\/presentacio-del-defc-2022-amb-el-conseller-deducacio-i-formacio-professional-el-sr-marti-march\/#breadcrumb"},"inLanguage":"es","potentialAction":[{"@type":"ReadAction","target":["http:\/\/www.colefillesbalears.com\/web\/2022\/02\/25\/presentacio-del-defc-2022-amb-el-conseller-deducacio-i-formacio-professional-el-sr-marti-march\/"]}]},{"@type":"BreadcrumbList","@id":"http:\/\/www.colefillesbalears.com\/web\/2022\/02\/25\/presentacio-del-defc-2022-amb-el-conseller-deducacio-i-formacio-professional-el-sr-marti-march\/#breadcrumb","itemListElement":[{"@type":"ListItem","position":1,"name":"Portada","item":"http:\/\/www.colefillesbalears.com\/web\/"},{"@type":"ListItem","position":2,"name":"Presentaci\u00f3 del DEFC 2022 amb el conseller d&#8217;Educaci\u00f3 i Formaci\u00f3 Professional, el Sr. Mart\u00ed March"}]},{"@type":"WebSite","@id":"http:\/\/www.colefillesbalears.com\/web\/#website","url":"http:\/\/www.colefillesbalears.com\/web\/","name":"COLEF Illes Balears","description":"","publisher":{"@id":"http:\/\/www.colefillesbalears.com\/web\/#organization"},"potentialAction":[{"@type":"SearchAction","target":{"@type":"EntryPoint","urlTemplate":"http:\/\/www.colefillesbalears.com\/web\/?s={search_term_string}"},"query-input":"required name=search_term_string"}],"inLanguage":"es"},{"@type":"Organization","@id":"http:\/\/www.colefillesbalears.com\/web\/#organization","name":"Col\u00b7legi Oficial de Llicenciats en Ci\u00e8ncies de l'Activitat F\u00edsica i l'Esport de les Illes Balears","url":"http:\/\/www.colefillesbalears.com\/web\/","sameAs":["https:\/\/www.youtube.com\/channel\/UClDRzEzUh03bePGcdVFw1cQ\/featured","https:\/\/www.facebook.com\/colef.illesbalears\/?ref=bookmarks","https:\/\/twitter.com\/COLEFBalears"],"logo":{"@type":"ImageObject","inLanguage":"es","@id":"http:\/\/www.colefillesbalears.com\/web\/#\/schema\/logo\/image\/","url":"http:\/\/www.colefillesbalears.com\/web\/wp-content\/uploads\/2019\/05\/logo-colef-5.png","contentUrl":"http:\/\/www.colefillesbalears.com\/web\/wp-content\/uploads\/2019\/05\/logo-colef-5.png","width":414,"height":175,"caption":"Col\u00b7legi Oficial de Llicenciats en Ci\u00e8ncies de l'Activitat F\u00edsica i l'Esport de les Illes Balears"},"image":{"@id":"http:\/\/www.colefillesbalears.com\/web\/#\/schema\/logo\/image\/"}},{"@type":"Person","@id":"http:\/\/www.colefillesbalears.com\/web\/#\/schema\/person\/67bfa54d8a7a8533be8dac16e810fde7","name":"RAUL","sameAs":["https:\/\/www.facebook.com\/colef.illesbalears\/","https:\/\/twitter.com\/COLEFBalears"]}]}},"_links":{"self":[{"href":"http:\/\/www.colefillesbalears.com\/web\/wp-json\/wp\/v2\/posts\/6519"}],"collection":[{"href":"http:\/\/www.colefillesbalears.com\/web\/wp-json\/wp\/v2\/posts"}],"about":[{"href":"http:\/\/www.colefillesbalears.com\/web\/wp-json\/wp\/v2\/types\/post"}],"author":[{"embeddable":true,"href":"http:\/\/www.colefillesbalears.com\/web\/wp-json\/wp\/v2\/users\/4"}],"replies":[{"embeddable":true,"href":"http:\/\/www.colefillesbalears.com\/web\/wp-json\/wp\/v2\/comments?post=6519"}],"version-history":[{"count":2,"href":"http:\/\/www.colefillesbalears.com\/web\/wp-json\/wp\/v2\/posts\/6519\/revisions"}],"predecessor-version":[{"id":6522,"href":"http:\/\/www.colefillesbalears.com\/web\/wp-json\/wp\/v2\/posts\/6519\/revisions\/6522"}],"wp:attachment":[{"href":"http:\/\/www.colefillesbalears.com\/web\/wp-json\/wp\/v2\/media?parent=6519"}],"wp:term":[{"taxonomy":"category","embeddable":true,"href":"http:\/\/www.colefillesbalears.com\/web\/wp-json\/wp\/v2\/categories?post=6519"},{"taxonomy":"post_tag","embeddable":true,"href":"http:\/\/www.colefillesbalears.com\/web\/wp-json\/wp\/v2\/tags?post=6519"}],"curies":[{"name":"wp","href":"https:\/\/api.w.org\/{rel}","templated":true}]}}